{"id":633,"date":"2024-04-16T08:49:14","date_gmt":"2024-04-16T08:49:14","guid":{"rendered":"https:\/\/www.yourhousemallorca.com\/blog\/?p=633"},"modified":"2024-04-23T10:03:05","modified_gmt":"2024-04-23T10:03:05","slug":"mallorca-im-juni","status":"publish","type":"post","link":"https:\/\/www.yourhousemallorca.com\/blog\/de\/mallorca-im-juni\/","title":{"rendered":"Mallorca im Juni: der perfekte Zeitpunkt"},"content":{"rendered":"\t\t<div data-elementor-type=\"wp-post\" data-elementor-id=\"633\" class=\"elementor elementor-633 elementor-586\" data-elementor-post-type=\"post\">\n\t\t\t\t\t\t\t<div class=\"elementor-element elementor-element-78ecceb6 e-flex e-con-boxed e-con e-parent\" data-id=\"78ecceb6\" data-element_type=\"container\" data-settings=\"{&quot;content_width&quot;:&quot;boxed&quot;}\" data-core-v316-plus=\"true\">\n\t\t\t\t\t<div class=\"e-con-inner\">\n\t\t\t\t<div class=\"elementor-element elementor-element-632b5f6e elementor-widget elementor-widget-text-editor\" data-id=\"632b5f6e\" data-element_type=\"widget\" data-widget_type=\"text-editor.default\">\n\t\t\t\t<div class=\"elementor-widget-container\">\n\t\t\t<style>\/*! elementor - v3.18.0 - 20-12-2023 *\/\n.elementor-widget-text-editor.elementor-drop-cap-view-stacked .elementor-drop-cap{background-color:#69727d;color:#fff}.elementor-widget-text-editor.elementor-drop-cap-view-framed .elementor-drop-cap{color:#69727d;border:3px solid;background-color:transparent}.elementor-widget-text-editor:not(.elementor-drop-cap-view-default) .elementor-drop-cap{margin-top:8px}.elementor-widget-text-editor:not(.elementor-drop-cap-view-default) .elementor-drop-cap-letter{width:1em;height:1em}.elementor-widget-text-editor .elementor-drop-cap{float:left;text-align:center;line-height:1;font-size:50px}.elementor-widget-text-editor .elementor-drop-cap-letter{display:inline-block}<\/style>\t\t\t\t<p>Wenn Sie <strong>im Juni nach Mallorca<\/strong> reisen, haben Sie Gl\u00fcck. Diese Insel l\u00e4sst sich das ganze Jahr \u00fcber perfekt erkunden, doch der Juni ist ein besonders guter Monat, und wir verraten Ihnen, warum. In diesem Artikel sprechen wir \u00fcber die besten Str\u00e4nde Mallorcas, die Veranstaltungen und Festivals auf <strong>Mallorca im Juni 2024<\/strong> und wir geben Ihnen viele weitere interessante Informationen f\u00fcr Ihre Reise nach <strong>Mallorca im Juni<\/strong>.<\/p>\t\t\t\t\t\t<\/div>\n\t\t\t\t<\/div>\n\t\t\t\t\t<\/div>\n\t\t\t\t<\/div>\n\t\t<div class=\"elementor-element elementor-element-60ad0356 e-flex e-con-boxed e-con e-parent\" data-id=\"60ad0356\" data-element_type=\"container\" data-settings=\"{&quot;content_width&quot;:&quot;boxed&quot;}\" data-core-v316-plus=\"true\">\n\t\t\t\t\t<div class=\"e-con-inner\">\n\t\t\t\t<div class=\"elementor-element elementor-element-588369f elementor-widget elementor-widget-table-of-contents\" data-id=\"588369f\" data-element_type=\"widget\" data-settings=\"{&quot;headings_by_tags&quot;:[&quot;h2&quot;],&quot;exclude_headings_by_selector&quot;:[],&quot;marker_view&quot;:&quot;bullets&quot;,&quot;icon&quot;:{&quot;value&quot;:&quot;&quot;,&quot;library&quot;:&quot;&quot;},&quot;hierarchical_view&quot;:&quot;yes&quot;,&quot;min_height&quot;:{&quot;unit&quot;:&quot;px&quot;,&quot;size&quot;:&quot;&quot;,&quot;sizes&quot;:[]},&quot;min_height_tablet&quot;:{&quot;unit&quot;:&quot;px&quot;,&quot;size&quot;:&quot;&quot;,&quot;sizes&quot;:[]},&quot;min_height_mobile&quot;:{&quot;unit&quot;:&quot;px&quot;,&quot;size&quot;:&quot;&quot;,&quot;sizes&quot;:[]}}\" data-widget_type=\"table-of-contents.default\">\n\t\t\t\t<div class=\"elementor-widget-container\">\n\t\t\t<style>\/*! elementor-pro - v3.18.0 - 20-12-2023 *\/\n.elementor-widget-table-of-contents .elementor-toc__header-title{color:var(--header-color)}.elementor-widget-table-of-contents.elementor-toc--collapsed .elementor-toc__toggle-button--collapse,.elementor-widget-table-of-contents:not(.elementor-toc--collapsed) .elementor-toc__toggle-button--expand{display:none}.elementor-widget-table-of-contents .elementor-widget-container{min-height:var(--box-min-height);border:var(--box-border-width,1px) solid var(--box-border-color,#9da5ae);border-radius:var(--box-border-radius,3px);background-color:var(--box-background-color);transition:min-height .4s;overflow:hidden}.elementor-toc__header{display:flex;align-items:center;justify-content:space-between;padding:var(--box-padding,20px);background-color:var(--header-background-color);border-bottom:var(--separator-width,1px) solid var(--box-border-color,#9da5ae)}.elementor-toc__header-title{font-size:18px;margin:0;color:var(--header-color)}.elementor-toc__toggle-button{cursor:pointer;display:inline-flex}.elementor-toc__toggle-button i{color:var(--toggle-button-color)}.elementor-toc__toggle-button svg{height:1em;width:1em;fill:var(--toggle-button-color)}.elementor-toc__spinner-container{text-align:center}.elementor-toc__spinner{font-size:2em}.elementor-toc__spinner.e-font-icon-svg{height:1em;width:1em}.elementor-toc__body{padding:var(--box-padding,20px);max-height:var(--toc-body-max-height);overflow-y:auto}.elementor-toc__body::-webkit-scrollbar{width:7px}.elementor-toc__body::-webkit-scrollbar-thumb{background-color:#babfc5;border-radius:10px}.elementor-toc__list-wrapper{list-style:none;padding:0}.elementor-toc__list-item{margin-bottom:.5em}.elementor-toc__list-item.elementor-item-active{font-weight:700}.elementor-toc__list-item .elementor-toc__list-wrapper{margin-top:.5em;margin-left:var(--nested-list-indent,1em)}.elementor-toc__list-item-text:hover{color:var(--item-text-hover-color);-webkit-text-decoration:var(--item-text-hover-decoration);text-decoration:var(--item-text-hover-decoration)}.elementor-toc__list-item-text.elementor-item-active{color:var(--item-text-active-color);-webkit-text-decoration:var(--item-text-active-decoration);text-decoration:var(--item-text-active-decoration)}.elementor-toc__list-item-text-wrapper{display:flex;align-items:center}.elementor-toc__list-item-text-wrapper:before,.elementor-toc__list-item-text-wrapper i{margin-right:8px;color:var(--marker-color)}.elementor-toc__list-item-text-wrapper svg{margin-right:8px;fill:var(--marker-color);height:var(--marker-size,.5em);width:var(--marker-size,.5em)}.elementor-toc__list-item-text-wrapper i{font-size:var(--marker-size,.5em)}.elementor-toc__list-item-text-wrapper:before{font-size:var(--marker-size,1em)}.elementor-toc--content-ellipsis .elementor-toc__list-item-text{white-space:nowrap;overflow:hidden;text-overflow:ellipsis}.elementor-toc__list-items--collapsible>.elementor-toc__list-wrapper>.elementor-toc__list-item>.elementor-toc__list-wrapper{display:none}.elementor-toc__heading-anchor{position:absolute}.elementor-toc__body .elementor-toc__list-item-text{color:var(--item-text-color);-webkit-text-decoration:var(--item-text-decoration);text-decoration:var(--item-text-decoration)}.elementor-toc__body .elementor-toc__list-item-text:hover{color:var(--item-text-hover-color);-webkit-text-decoration:var(--item-text-hover-decoration);text-decoration:var(--item-text-hover-decoration)}.elementor-toc__body .elementor-toc__list-item-text.elementor-item-active{color:var(--item-text-active-color);-webkit-text-decoration:var(--item-text-active-decoration);text-decoration:var(--item-text-active-decoration)}ol.elementor-toc__list-wrapper{counter-reset:item}ol.elementor-toc__list-wrapper .elementor-toc__list-item{counter-increment:item}ol.elementor-toc__list-wrapper .elementor-toc__list-item-text-wrapper:before{content:counters(item,\".\") \". \"}<\/style>\t\t<div class=\"elementor-toc__header\">\n\t\t\t<div class=\"elementor-toc__header-title\">\n\t\t\t\tVerzeichnis\t\t\t<\/div>\n\t\t\t\t\t<\/div>\n\t\t<div id=\"elementor-toc__588369f\" class=\"elementor-toc__body\">\n\t\t\t<div class=\"elementor-toc__spinner-container\">\n\t\t\t\t<svg class=\"elementor-toc__spinner eicon-animation-spin e-font-icon-svg e-eicon-loading\" aria-hidden=\"true\" viewBox=\"0 0 1000 1000\" xmlns=\"http:\/\/www.w3.org\/2000\/svg\"><path d=\"M500 975V858C696 858 858 696 858 500S696 142 500 142 142 304 142 500H25C25 237 238 25 500 25S975 237 975 500 763 975 500 975Z\"><\/path><\/svg>\t\t\t<\/div>\n\t\t<\/div>\n\t\t\t\t<\/div>\n\t\t\t\t<\/div>\n\t\t\t\t\t<\/div>\n\t\t\t\t<\/div>\n\t\t<div class=\"elementor-element elementor-element-5466cd5 e-flex e-con-boxed e-con e-parent\" data-id=\"5466cd5\" data-element_type=\"container\" data-settings=\"{&quot;content_width&quot;:&quot;boxed&quot;}\" data-core-v316-plus=\"true\">\n\t\t\t\t\t<div class=\"e-con-inner\">\n\t\t\t\t<div class=\"elementor-element elementor-element-1cc97c5d elementor-widget elementor-widget-heading\" data-id=\"1cc97c5d\" data-element_type=\"widget\" data-widget_type=\"heading.default\">\n\t\t\t\t<div class=\"elementor-widget-container\">\n\t\t\t<style>\/*! elementor - v3.18.0 - 20-12-2023 *\/\n.elementor-heading-title{padding:0;margin:0;line-height:1}.elementor-widget-heading .elementor-heading-title[class*=elementor-size-]>a{color:inherit;font-size:inherit;line-height:inherit}.elementor-widget-heading .elementor-heading-title.elementor-size-small{font-size:15px}.elementor-widget-heading .elementor-heading-title.elementor-size-medium{font-size:19px}.elementor-widget-heading .elementor-heading-title.elementor-size-large{font-size:29px}.elementor-widget-heading .elementor-heading-title.elementor-size-xl{font-size:39px}.elementor-widget-heading .elementor-heading-title.elementor-size-xxl{font-size:59px}<\/style><h2 class=\"elementor-heading-title elementor-size-default\">Das Wetter auf Mallorca im Juni\n<\/h2>\t\t<\/div>\n\t\t\t\t<\/div>\n\t\t\t\t<div class=\"elementor-element elementor-element-c05136b elementor-widget elementor-widget-text-editor\" data-id=\"c05136b\" data-element_type=\"widget\" data-widget_type=\"text-editor.default\">\n\t\t\t\t<div class=\"elementor-widget-container\">\n\t\t\t\t\t\t\t<p>Das Wetter auf Mallorca ist im Juni normalerweise recht angenehm und markiert den Beginn des Sommers. Die Temperaturen liegen in diesem Monat in der Regel zwischen <strong>20 \u00b0C in der Nacht und 28 \u00b0C am Tag<\/strong> und bieten somit ideales Wetter, um die Str\u00e4nde und Aktivit\u00e4ten im Freien zu genie\u00dfen. Obwohl die meiste Zeit des Monats sonnig ist, kann es einige bew\u00f6lkte Tage und gelegentlich leichte Regenschauer geben. Die Meeresbrise tr\u00e4gt dazu bei, die Hitze ertr\u00e4glicher zu machen, vor allem in den K\u00fcstengebieten. Kurz gesagt, der <strong>Juni ist eine hervorragende Zeit f\u00fcr einen Besuch auf Mallorca<\/strong>, wenn Sie gutes Wetter ohne die extreme Hitze des Hochsommers suchen.<\/p>\t\t\t\t\t\t<\/div>\n\t\t\t\t<\/div>\n\t\t\t\t\t<\/div>\n\t\t\t\t<\/div>\n\t\t<div class=\"elementor-element elementor-element-8696308 e-flex e-con-boxed e-con e-parent\" data-id=\"8696308\" data-element_type=\"container\" data-settings=\"{&quot;content_width&quot;:&quot;boxed&quot;}\" data-core-v316-plus=\"true\">\n\t\t\t\t\t<div class=\"e-con-inner\">\n\t\t\t\t<div class=\"elementor-element elementor-element-1a0321c elementor-blockquote--skin-border elementor-blockquote--button-color-official elementor-widget elementor-widget-blockquote\" data-id=\"1a0321c\" data-element_type=\"widget\" data-widget_type=\"blockquote.default\">\n\t\t\t\t<div class=\"elementor-widget-container\">\n\t\t\t<style>\/*! elementor-pro - v3.18.0 - 20-12-2023 *\/\n@charset \"UTF-8\";.entry-content blockquote.elementor-blockquote:not(.alignright):not(.alignleft),.entry-summary blockquote.elementor-blockquote{margin-right:0;margin-left:0}.elementor-widget-blockquote blockquote{margin:0;padding:0;outline:0;font-size:100%;vertical-align:baseline;background:transparent;quotes:none;border:0;font-style:normal;color:#3f444b}.elementor-widget-blockquote blockquote .e-q-footer:after,.elementor-widget-blockquote blockquote .e-q-footer:before,.elementor-widget-blockquote blockquote:after,.elementor-widget-blockquote blockquote:before,.elementor-widget-blockquote blockquote cite:after,.elementor-widget-blockquote blockquote cite:before{content:none}.elementor-blockquote{transition:.3s}.elementor-blockquote__author,.elementor-blockquote__content{margin-bottom:0;font-style:normal}.elementor-blockquote__author{font-weight:700}.elementor-blockquote .e-q-footer{margin-top:12px;display:flex;justify-content:space-between}.elementor-blockquote__tweet-button{display:flex;transition:.3s;color:#1da1f2;align-self:flex-end;line-height:1;position:relative;width:-moz-max-content;width:max-content}.elementor-blockquote__tweet-button:hover{color:#0967a0}.elementor-blockquote__tweet-button span{font-weight:600}.elementor-blockquote__tweet-button i,.elementor-blockquote__tweet-button span{vertical-align:middle}.elementor-blockquote__tweet-button i+span,.elementor-blockquote__tweet-button svg+span{margin-left:.5em}.elementor-blockquote__tweet-button svg{fill:#1da1f2;height:1em;width:1em}.elementor-blockquote__tweet-label{white-space:pre-wrap}.elementor-blockquote--button-skin-bubble .elementor-blockquote__tweet-button,.elementor-blockquote--button-skin-classic .elementor-blockquote__tweet-button{padding:.7em 1.2em;border-radius:100em;background-color:#1da1f2;color:#fff;font-size:15px}.elementor-blockquote--button-skin-bubble .elementor-blockquote__tweet-button:hover,.elementor-blockquote--button-skin-classic .elementor-blockquote__tweet-button:hover{background-color:#0967a0;color:#fff}.elementor-blockquote--button-skin-bubble .elementor-blockquote__tweet-button:hover:before,.elementor-blockquote--button-skin-classic .elementor-blockquote__tweet-button:hover:before{border-right-color:#0967a0}.elementor-blockquote--button-skin-bubble .elementor-blockquote__tweet-button svg,.elementor-blockquote--button-skin-classic .elementor-blockquote__tweet-button svg{fill:#fff;height:1em;width:1em}.elementor-blockquote--button-skin-bubble.elementor-blockquote--button-view-icon .elementor-blockquote__tweet-button,.elementor-blockquote--button-skin-classic.elementor-blockquote--button-view-icon .elementor-blockquote__tweet-button{padding:0;width:2em;height:2em}.elementor-blockquote--button-skin-bubble.elementor-blockquote--button-view-icon .elementor-blockquote__tweet-button i,.elementor-blockquote--button-skin-classic.elementor-blockquote--button-view-icon .elementor-blockquote__tweet-button i{position:absolute;left:50%;top:50%;transform:translate(-50%,-50%)}.elementor-blockquote--button-skin-bubble .elementor-blockquote__tweet-button:before{content:\"\";border:.5em solid transparent;border-right-color:#1da1f2;position:absolute;left:-.8em;top:50%;transform:translateY(-50%) scaleY(.65);transition:.3s}.elementor-blockquote--button-skin-bubble.elementor-blockquote--align-left .elementor-blockquote__tweet-button:before{right:auto;left:-.8em;border-right-color:#1da1f2;border-left-color:transparent}.elementor-blockquote--button-skin-bubble.elementor-blockquote--align-left .elementor-blockquote__tweet-button:hover:before{border-right-color:#0967a0}.elementor-blockquote--button-skin-bubble.elementor-blockquote--align-right .elementor-blockquote__tweet-button:before{left:auto;right:-.8em;border-right-color:transparent;border-left-color:#1da1f2}.elementor-blockquote--button-skin-bubble.elementor-blockquote--align-right .elementor-blockquote__tweet-button:hover:before{border-left-color:#0967a0}.elementor-blockquote--skin-boxed .elementor-blockquote{background-color:#f9fafa;padding:30px}.elementor-blockquote--skin-border .elementor-blockquote{border-color:#f9fafa;border-left:7px #f9fafa;border-style:solid;padding-left:20px}.elementor-blockquote--skin-quotation .elementor-blockquote:before{content:\"\u201c\";font-size:100px;color:#f9fafa;font-family:Times New Roman,Times,serif;font-weight:900;line-height:1;display:block;height:.6em}.elementor-blockquote--skin-quotation .elementor-blockquote__content{margin-top:15px}.elementor-blockquote--align-left .elementor-blockquote__content{text-align:left}.elementor-blockquote--align-left .elementor-blockquote .e-q-footer{flex-direction:row}.elementor-blockquote--align-right .elementor-blockquote__content{text-align:right}.elementor-blockquote--align-right .elementor-blockquote .e-q-footer{flex-direction:row-reverse}.elementor-blockquote--align-center .elementor-blockquote{text-align:center}.elementor-blockquote--align-center .elementor-blockquote .e-q-footer,.elementor-blockquote--align-center .elementor-blockquote__author{display:block}.elementor-blockquote--align-center .elementor-blockquote__tweet-button{margin-right:auto;margin-left:auto}<\/style>\t\t<blockquote class=\"elementor-blockquote\">\n\t\t\t<p class=\"elementor-blockquote__content\">\n\t\t\t\t<span style=\"color: rgb(57, 62, 71); text-align: justify; white-space-collapse: collapse;\">Das<\/span><span style=\"font-weight: 700; color: rgb(57, 62, 71); text-align: justify; white-space-collapse: collapse;\">&nbsp;Wetter auf&nbsp;<\/span><span style=\"font-weight: 700; color: rgb(57, 62, 71); text-align: justify; white-space-collapse: collapse;\">Mallorca im Juni&nbsp;<\/span><span style=\"color: rgb(57, 62, 71); text-align: justify; white-space-collapse: collapse; background-color: transparent;\">schwankt zwischen&nbsp;<span style=\"font-weight: 700;\">20 \u00b0C in der Nacht und 28 \u00b0C am Tag.<\/span><\/span>\t\t\t<\/p>\n\t\t\t\t\t<\/blockquote>\n\t\t\t\t<\/div>\n\t\t\t\t<\/div>\n\t\t\t\t\t<\/div>\n\t\t\t\t<\/div>\n\t\t<div class=\"elementor-element elementor-element-b8cba19 e-flex e-con-boxed e-con e-parent\" data-id=\"b8cba19\" data-element_type=\"container\" data-settings=\"{&quot;content_width&quot;:&quot;boxed&quot;}\" data-core-v316-plus=\"true\">\n\t\t\t\t\t<div class=\"e-con-inner\">\n\t\t\t\t<div class=\"elementor-element elementor-element-7970caa elementor-widget elementor-widget-heading\" data-id=\"7970caa\" data-element_type=\"widget\" data-widget_type=\"heading.default\">\n\t\t\t\t<div class=\"elementor-widget-container\">\n\t\t\t<h2 class=\"elementor-heading-title elementor-size-default\">Die besten Str\u00e4nde Mallorcas f\u00fcr einen Besuch im Juni\n<\/h2>\t\t<\/div>\n\t\t\t\t<\/div>\n\t\t\t\t<div class=\"elementor-element elementor-element-70fee16 elementor-widget elementor-widget-text-editor\" data-id=\"70fee16\" data-element_type=\"widget\" data-widget_type=\"text-editor.default\">\n\t\t\t\t<div class=\"elementor-widget-container\">\n\t\t\t\t\t\t\t<p>Das <strong>Wetter auf Mallorca im Juni<\/strong> ist wie geschaffen f\u00fcr einen Strandaufenthalt. Deshalb stellen wir Ihnen einige der besten Str\u00e4nde und Buchten der Insel vor \u2013 einige sind kleiner und schwieriger zu erreichen, andere sind perfekt f\u00fcr Familien und erfordern keine gro\u00dfe Anstrengung. Sie k\u00f6nnen sie alle ausprobieren, wenn Ihnen die Wahl schwer f\u00e4llt\u00a0\u2026<\/p>\t\t\t\t\t\t<\/div>\n\t\t\t\t<\/div>\n\t\t\t\t\t<\/div>\n\t\t\t\t<\/div>\n\t\t<div class=\"elementor-element elementor-element-722a5c9 e-flex e-con-boxed e-con e-parent\" data-id=\"722a5c9\" data-element_type=\"container\" data-settings=\"{&quot;content_width&quot;:&quot;boxed&quot;}\" data-core-v316-plus=\"true\">\n\t\t\t\t\t<div class=\"e-con-inner\">\n\t\t<div class=\"elementor-element elementor-element-8f7d9a8 e-con-full e-flex e-con e-child\" data-id=\"8f7d9a8\" data-element_type=\"container\" data-settings=\"{&quot;content_width&quot;:&quot;full&quot;}\">\n\t\t\t\t<div class=\"elementor-element elementor-element-289215f5 elementor-widget elementor-widget-heading\" data-id=\"289215f5\" data-element_type=\"widget\" data-widget_type=\"heading.default\">\n\t\t\t\t<div class=\"elementor-widget-container\">\n\t\t\t<h3 class=\"elementor-heading-title elementor-size-default\">Cala Agulla<\/h3>\t\t<\/div>\n\t\t\t\t<\/div>\n\t\t\t\t<div class=\"elementor-element elementor-element-a9bac8a elementor-widget elementor-widget-image\" data-id=\"a9bac8a\" data-element_type=\"widget\" data-widget_type=\"image.default\">\n\t\t\t\t<div class=\"elementor-widget-container\">\n\t\t\t<style>\/*! elementor - v3.18.0 - 20-12-2023 *\/\n.elementor-widget-image{text-align:center}.elementor-widget-image a{display:inline-block}.elementor-widget-image a img[src$=\".svg\"]{width:48px}.elementor-widget-image img{vertical-align:middle;display:inline-block}<\/style>\t\t\t\t\t\t\t\t\t\t\t\t<img fetchpriority=\"high\" decoding=\"async\" width=\"751\" height=\"430\" src=\"https:\/\/www.yourhousemallorca.com\/blog\/wp-content\/uploads\/2024\/04\/Playa-de-Formentor-751x430.jpg\" class=\"attachment-post size-post wp-image-621\" alt=\"Playa-de-Formentor\" \/>\t\t\t\t\t\t\t\t\t\t\t\t\t\t\t<\/div>\n\t\t\t\t<\/div>\n\t\t\t\t<div class=\"elementor-element elementor-element-389a5920 elementor-widget elementor-widget-text-editor\" data-id=\"389a5920\" data-element_type=\"widget\" data-widget_type=\"text-editor.default\">\n\t\t\t\t<div class=\"elementor-widget-container\">\n\t\t\t\t\t\t\t<p>Diese Bucht ist wegen ihrer spektakul\u00e4ren Landschaft einen Besuch wert. Zwischen dem Gr\u00fcn der Berge und dem klaren Wasser des Mittelmeers wurde sie zum Naturgebiet von besonderem Interesse und zum Gebiet von gemeinschaftlichem Interesse erkl\u00e4rt, so dass Sch\u00f6nheit garantiert ist. Allerdings ist der Strand stark frequentiert und nicht sehr ruhig, da er sich in der N\u00e4he von Cala Ratjada befindet, einem sehr beliebten Touristenort.<\/p>\t\t\t\t\t\t<\/div>\n\t\t\t\t<\/div>\n\t\t\t\t<\/div>\n\t\t<div class=\"elementor-element elementor-element-fef5780 e-con-full e-flex e-con e-child\" data-id=\"fef5780\" data-element_type=\"container\" data-settings=\"{&quot;content_width&quot;:&quot;full&quot;}\">\n\t\t\t\t<div class=\"elementor-element elementor-element-171f3cf elementor-widget elementor-widget-heading\" data-id=\"171f3cf\" data-element_type=\"widget\" data-widget_type=\"heading.default\">\n\t\t\t\t<div class=\"elementor-widget-container\">\n\t\t\t<h3 class=\"elementor-heading-title elementor-size-default\">Cal\u00f3 des M\u00e0rmols\n<\/h3>\t\t<\/div>\n\t\t\t\t<\/div>\n\t\t\t\t<div class=\"elementor-element elementor-element-79482ed elementor-widget elementor-widget-image\" data-id=\"79482ed\" data-element_type=\"widget\" data-widget_type=\"image.default\">\n\t\t\t\t<div class=\"elementor-widget-container\">\n\t\t\t\t\t\t\t\t\t\t\t\t\t\t\t<img decoding=\"async\" width=\"779\" height=\"445\" src=\"https:\/\/www.yourhousemallorca.com\/blog\/wp-content\/uploads\/2024\/04\/cala-marmols.jpg\" class=\"attachment-full size-full wp-image-606\" alt=\"cala-marmols\" srcset=\"https:\/\/www.yourhousemallorca.com\/blog\/wp-content\/uploads\/2024\/04\/cala-marmols.jpg 779w, https:\/\/www.yourhousemallorca.com\/blog\/wp-content\/uploads\/2024\/04\/cala-marmols-768x439.jpg 768w, https:\/\/www.yourhousemallorca.com\/blog\/wp-content\/uploads\/2024\/04\/cala-marmols-751x430.jpg 751w\" sizes=\"(max-width: 779px) 100vw, 779px\" \/>\t\t\t\t\t\t\t\t\t\t\t\t\t\t\t<\/div>\n\t\t\t\t<\/div>\n\t\t\t\t<div class=\"elementor-element elementor-element-93182ce elementor-widget elementor-widget-text-editor\" data-id=\"93182ce\" data-element_type=\"widget\" data-widget_type=\"text-editor.default\">\n\t\t\t\t<div class=\"elementor-widget-container\">\n\t\t\t\t\t\t\t<div class=\"react-scroll-to-bottom--css-bgugd-1n7m0yu\"><div class=\"flex flex-col text-sm pb-9\"><div class=\"w-full text-token-text-primary sm:AIPRM__conversation__response\" dir=\"auto\" data-testid=\"conversation-turn-5\"><div class=\"px-4 py-2 justify-center text-base md:gap-6 m-auto\"><div class=\"flex flex-1 text-base mx-auto gap-3 juice:gap-4 juice:md:gap-6 md:px-5 lg:px-1 xl:px-5 md:max-w-3xl lg:max-w-[40rem] xl:max-w-[48rem] group final-completion\"><div class=\"relative flex w-full flex-col agent-turn\"><div class=\"flex-col gap-1 md:gap-3\"><div class=\"flex flex-grow flex-col max-w-full\"><div class=\"min-h-[20px] text-message flex flex-col items-start gap-3 whitespace-pre-wrap break-words [.text-message+&amp;]:mt-5 overflow-x-auto\" dir=\"auto\" data-message-author-role=\"assistant\" data-message-id=\"f486fea6-8368-4bb2-9480-c4c6adfc4187\"><div class=\"markdown prose w-full break-words dark:prose-invert light AIPRM__conversation__response\"><p>Wenn Sie auf der Suche nach einer unber\u00fchrten und abgelegenen Bucht sind, ist dies eine von ihnen. Jedoch muss man bis dorthin ziemlich lange laufen (es dauert mehr als eine Stunde) oder man kommt mit dem Boot. F\u00fcr den Weg ist es wichtig, dass Sie geeignete Kleidung, insbesondere Schuhe, tragen sowie etwas zu trinken und zu essen mitnehmen. Die umliegenden Klippen, das warme Wasser und die Stille sind jedoch einfach wundersch\u00f6n.<\/p><\/div><\/div><\/div><\/div><\/div><\/div><\/div><\/div><\/div><\/div>\t\t\t\t\t\t<\/div>\n\t\t\t\t<\/div>\n\t\t\t\t<\/div>\n\t\t\t\t\t<\/div>\n\t\t\t\t<\/div>\n\t\t<div class=\"elementor-element elementor-element-871af1d e-flex e-con-boxed e-con e-parent\" data-id=\"871af1d\" data-element_type=\"container\" data-settings=\"{&quot;content_width&quot;:&quot;boxed&quot;}\" data-core-v316-plus=\"true\">\n\t\t\t\t\t<div class=\"e-con-inner\">\n\t\t<div class=\"elementor-element elementor-element-e5e57ba e-con-full e-flex e-con e-child\" data-id=\"e5e57ba\" data-element_type=\"container\" data-settings=\"{&quot;content_width&quot;:&quot;full&quot;}\">\n\t\t\t\t<div class=\"elementor-element elementor-element-49f5968 elementor-widget elementor-widget-heading\" data-id=\"49f5968\" data-element_type=\"widget\" data-widget_type=\"heading.default\">\n\t\t\t\t<div class=\"elementor-widget-container\">\n\t\t\t<h3 class=\"elementor-heading-title elementor-size-default\">Cala Tuent<\/h3>\t\t<\/div>\n\t\t\t\t<\/div>\n\t\t\t\t<div class=\"elementor-element elementor-element-6c3857a elementor-widget elementor-widget-image\" data-id=\"6c3857a\" data-element_type=\"widget\" data-widget_type=\"image.default\">\n\t\t\t\t<div class=\"elementor-widget-container\">\n\t\t\t\t\t\t\t\t\t\t\t\t\t\t\t<img decoding=\"async\" width=\"724\" height=\"430\" src=\"https:\/\/www.yourhousemallorca.com\/blog\/wp-content\/uploads\/2024\/04\/Cala-Tuent-724x430.jpg\" class=\"attachment-post size-post wp-image-615\" alt=\"Cala-Tuent\" \/>\t\t\t\t\t\t\t\t\t\t\t\t\t\t\t<\/div>\n\t\t\t\t<\/div>\n\t\t\t\t<div class=\"elementor-element elementor-element-07d30f9 elementor-widget elementor-widget-text-editor\" data-id=\"07d30f9\" data-element_type=\"widget\" data-widget_type=\"text-editor.default\">\n\t\t\t\t<div class=\"elementor-widget-container\">\n\t\t\t\t\t\t\t<p>In der N\u00e4he der Sierra Tramuntana gibt es auch au\u00dfergew\u00f6hnliche Buchten wie Cala Tuent. Nach einem schmalen (aber nicht sehr anspruchsvollen) Weg erreicht man eine Bucht inmitten von Kiefernw\u00e4ldern und Olivenhainen, und das Gef\u00fchl ist magisch. Eine der interessantesten Buchten Mallorcas.<\/p>\t\t\t\t\t\t<\/div>\n\t\t\t\t<\/div>\n\t\t\t\t<\/div>\n\t\t<div class=\"elementor-element elementor-element-851341c e-con-full e-flex e-con e-child\" data-id=\"851341c\" data-element_type=\"container\" data-settings=\"{&quot;content_width&quot;:&quot;full&quot;}\">\n\t\t\t\t<div class=\"elementor-element elementor-element-92e5dee elementor-widget elementor-widget-heading\" data-id=\"92e5dee\" data-element_type=\"widget\" data-widget_type=\"heading.default\">\n\t\t\t\t<div class=\"elementor-widget-container\">\n\t\t\t<h3 class=\"elementor-heading-title elementor-size-default\">Playa Formentor<\/h3>\t\t<\/div>\n\t\t\t\t<\/div>\n\t\t\t\t<div class=\"elementor-element elementor-element-7e39dae elementor-widget elementor-widget-image\" data-id=\"7e39dae\" data-element_type=\"widget\" data-widget_type=\"image.default\">\n\t\t\t\t<div class=\"elementor-widget-container\">\n\t\t\t\t\t\t\t\t\t\t\t\t\t\t\t<img loading=\"lazy\" decoding=\"async\" width=\"751\" height=\"446\" src=\"https:\/\/www.yourhousemallorca.com\/blog\/wp-content\/uploads\/2024\/04\/Cala-Agulla.jpg\" class=\"attachment-large size-large wp-image-609\" alt=\"Cala-Agulla\" \/>\t\t\t\t\t\t\t\t\t\t\t\t\t\t\t<\/div>\n\t\t\t\t<\/div>\n\t\t\t\t<div class=\"elementor-element elementor-element-993aaad elementor-widget elementor-widget-text-editor\" data-id=\"993aaad\" data-element_type=\"widget\" data-widget_type=\"text-editor.default\">\n\t\t\t\t<div class=\"elementor-widget-container\">\n\t\t\t\t\t\t\t<p>Dieser breite, leicht zug\u00e4ngliche Strand befindet sich in der N\u00e4he von Puerto de Pollen\u00e7a. Die Aussicht auf die Bucht, der Wald neben dem Strand und der weitl\u00e4ufige Sandbereich machen diesen Strand zu einem wunderbaren Ort f\u00fcr Familien, die eine einfache, aber ebenso sch\u00f6ne L\u00f6sung suchen.<\/p>\t\t\t\t\t\t<\/div>\n\t\t\t\t<\/div>\n\t\t\t\t<\/div>\n\t\t\t\t\t<\/div>\n\t\t\t\t<\/div>\n\t\t<div class=\"elementor-element elementor-element-ab794f9 e-flex e-con-boxed e-con e-parent\" data-id=\"ab794f9\" data-element_type=\"container\" data-settings=\"{&quot;content_width&quot;:&quot;boxed&quot;}\" data-core-v316-plus=\"true\">\n\t\t\t\t\t<div class=\"e-con-inner\">\n\t\t\t\t<div class=\"elementor-element elementor-element-e108ed1 elementor-widget elementor-widget-heading\" data-id=\"e108ed1\" data-element_type=\"widget\" data-widget_type=\"heading.default\">\n\t\t\t\t<div class=\"elementor-widget-container\">\n\t\t\t<h2 class=\"elementor-heading-title elementor-size-default\">Gibt es im Juni viel Tourismus auf Mallorca?\n<\/h2>\t\t<\/div>\n\t\t\t\t<\/div>\n\t\t\t\t<div class=\"elementor-element elementor-element-e848f6a elementor-widget elementor-widget-text-editor\" data-id=\"e848f6a\" data-element_type=\"widget\" data-widget_type=\"text-editor.default\">\n\t\t\t\t<div class=\"elementor-widget-container\">\n\t\t\t\t\t\t\t<p>Dies ist eine sehr h\u00e4ufig gestellte Frage unter Reisenden, die diese Insel besuchen m\u00f6chten, und wir werden Ihnen hier die Antwort geben. Mallorca ist eines der beliebtesten Reiseziele in Spanien und das bedeutet, dass die Insel das ganze Jahr \u00fcber viele nationale und internationale Touristen anzieht. Nat\u00fcrlich sind die Sommermonate am st\u00e4rksten frequentiert, aber selbst dann ist der Juni weniger \u00fcberlaufen als der Juli und der August, was ihn zu einer sehr guten Wahl macht: Sie haben die Garantie f\u00fcr gutes Wetter und ein akzeptables Ma\u00df an Touristenaufkommen.<\/p>\t\t\t\t\t\t<\/div>\n\t\t\t\t<\/div>\n\t\t\t\t\t<\/div>\n\t\t\t\t<\/div>\n\t\t<div class=\"elementor-element elementor-element-08b5d1e e-flex e-con-boxed e-con e-parent\" data-id=\"08b5d1e\" data-element_type=\"container\" data-settings=\"{&quot;content_width&quot;:&quot;boxed&quot;}\" data-core-v316-plus=\"true\">\n\t\t\t\t\t<div class=\"e-con-inner\">\n\t\t\t\t<div class=\"elementor-element elementor-element-e138989 elementor-widget elementor-widget-heading\" data-id=\"e138989\" data-element_type=\"widget\" data-widget_type=\"heading.default\">\n\t\t\t\t<div class=\"elementor-widget-container\">\n\t\t\t<h2 class=\"elementor-heading-title elementor-size-default\">Veranstaltungen und Festivals auf Mallorca im Juni 2024\n<\/h2>\t\t<\/div>\n\t\t\t\t<\/div>\n\t\t\t\t<div class=\"elementor-element elementor-element-9cfb90e elementor-widget elementor-widget-text-editor\" data-id=\"9cfb90e\" data-element_type=\"widget\" data-widget_type=\"text-editor.default\">\n\t\t\t\t<div class=\"elementor-widget-container\">\n\t\t\t\t\t\t\t<p>Die Insel hat immer viele interessante Events zu bieten, vor allem in den Sommermonaten, und das Wetter auf <strong>Mallorca im Juni<\/strong> ist ideal, um sie zu nutzen. Eines davon ist das <strong>Mallorca Live Festival<\/strong>, das am <strong>13., 14. und 15. Juni<\/strong> stattfindet und einige der besten nationalen und internationalen K\u00fcnstler auf die Insel bringt. Wenn Sie Musik m\u00f6gen, sollten Sie sich dieses Event nicht entgehen lassen. Ein weiteres wichtiges Ereignis im Juni ist das San Juan Fest zur Sommersonnenwende: Feuer, Schie\u00dfpulver und jede Menge Unterhaltung in Palma und anderen Teilen der Insel.<\/p>\t\t\t\t\t\t<\/div>\n\t\t\t\t<\/div>\n\t\t\t\t\t<\/div>\n\t\t\t\t<\/div>\n\t\t<div class=\"elementor-element elementor-element-807e311 e-flex e-con-boxed e-con e-parent\" data-id=\"807e311\" data-element_type=\"container\" data-settings=\"{&quot;content_width&quot;:&quot;boxed&quot;}\" data-core-v316-plus=\"true\">\n\t\t\t\t\t<div class=\"e-con-inner\">\n\t\t\t\t<div class=\"elementor-element elementor-element-9c98b91 elementor-widget elementor-widget-image\" data-id=\"9c98b91\" data-element_type=\"widget\" data-widget_type=\"image.default\">\n\t\t\t\t<div class=\"elementor-widget-container\">\n\t\t\t\t\t\t\t\t\t\t\t\t\t\t\t<img loading=\"lazy\" decoding=\"async\" width=\"2560\" height=\"1280\" src=\"https:\/\/www.yourhousemallorca.com\/blog\/wp-content\/uploads\/2024\/04\/mallorca-live-festival-2024.png\" class=\"attachment-full size-full wp-image-599\" alt=\"mallorca-live-festival-2024\" srcset=\"https:\/\/www.yourhousemallorca.com\/blog\/wp-content\/uploads\/2024\/04\/mallorca-live-festival-2024.png 2560w, https:\/\/www.yourhousemallorca.com\/blog\/wp-content\/uploads\/2024\/04\/mallorca-live-festival-2024-768x384.png 768w, https:\/\/www.yourhousemallorca.com\/blog\/wp-content\/uploads\/2024\/04\/mallorca-live-festival-2024-1536x768.png 1536w, https:\/\/www.yourhousemallorca.com\/blog\/wp-content\/uploads\/2024\/04\/mallorca-live-festival-2024-2048x1024.png 2048w\" sizes=\"(max-width: 2560px) 100vw, 2560px\" \/>\t\t\t\t\t\t\t\t\t\t\t\t\t\t\t<\/div>\n\t\t\t\t<\/div>\n\t\t\t\t\t<\/div>\n\t\t\t\t<\/div>\n\t\t<div class=\"elementor-element elementor-element-8899965 e-flex e-con-boxed e-con e-parent\" data-id=\"8899965\" data-element_type=\"container\" data-settings=\"{&quot;content_width&quot;:&quot;boxed&quot;}\" data-core-v316-plus=\"true\">\n\t\t\t\t\t<div class=\"e-con-inner\">\n\t\t\t\t<div class=\"elementor-element elementor-element-4fe0c69 elementor-widget elementor-widget-heading\" data-id=\"4fe0c69\" data-element_type=\"widget\" data-widget_type=\"heading.default\">\n\t\t\t\t<div class=\"elementor-widget-container\">\n\t\t\t<h2 class=\"elementor-heading-title elementor-size-default\">Was kann man auf Mallorca im Juni essen?\n<\/h2>\t\t<\/div>\n\t\t\t\t<\/div>\n\t\t\t\t<div class=\"elementor-element elementor-element-fe4725c elementor-widget elementor-widget-text-editor\" data-id=\"fe4725c\" data-element_type=\"widget\" data-widget_type=\"text-editor.default\">\n\t\t\t\t<div class=\"elementor-widget-container\">\n\t\t\t\t\t\t\t<p>Die Gastronomie Mallorcas ist sehr interessant und hier sind einige der k\u00f6stlichsten Gerichte, die f\u00fcr die hei\u00dfesten Monate geeignet sind:<\/p><ul><li style=\"font-weight: 400;\" aria-level=\"1\"><span style=\"font-weight: 400;\">Tremp\u00f3: Ein frischer Salat mit Tomaten, Paprika, Zwiebeln, \u00d6l und Salz. Sehr einfach, aber lecker. Sie k\u00f6nnen Thunfisch, Obst, Essig und andere Zutaten hinzuf\u00fcgen, wenn Sie das Originalrezept ab\u00e4ndern m\u00f6chten.<\/span><\/li><li style=\"font-weight: 400;\" aria-level=\"1\"><span style=\"font-weight: 400;\">Tumbet: Ein weiteres sehr einfaches Gericht, das Auberginen, Paprika und Kartoffeln kombiniert und mit Tomatenso\u00dfe \u00fcbergossen wird. Man kann auch Spiegelei, Fleisch oder anderes Gem\u00fcse hinzuf\u00fcgen. Es kann kalt gegessen werden, weshalb es auf dieser Liste steht.<\/span><\/li><li style=\"font-weight: 400;\" aria-level=\"1\"><span style=\"font-weight: 400;\">Pescado en escabeche: Einen guten eingelegten Fisch mit anderen einfachen Zutaten wie Kartoffeln oder Salat zu mischen, ist ein Genuss an den hei\u00dfesten Tagen und hier auf Mallorca auch sehr typisch.<\/span><\/li><\/ul>\t\t\t\t\t\t<\/div>\n\t\t\t\t<\/div>\n\t\t\t\t\t<\/div>\n\t\t\t\t<\/div>\n\t\t<div class=\"elementor-element elementor-element-9c97620 e-flex e-con-boxed e-con e-parent\" data-id=\"9c97620\" data-element_type=\"container\" data-settings=\"{&quot;content_width&quot;:&quot;boxed&quot;}\" data-core-v316-plus=\"true\">\n\t\t\t\t\t<div class=\"e-con-inner\">\n\t\t\t\t<div class=\"elementor-element elementor-element-4b62aec elementor-widget elementor-widget-heading\" data-id=\"4b62aec\" data-element_type=\"widget\" data-widget_type=\"heading.default\">\n\t\t\t\t<div class=\"elementor-widget-container\">\n\t\t\t<h2 class=\"elementor-heading-title elementor-size-default\">Pl\u00e4ne f\u00fcr das Nachtleben auf Mallorca im Juni\n<\/h2>\t\t<\/div>\n\t\t\t\t<\/div>\n\t\t\t\t<div class=\"elementor-element elementor-element-ab42b0a elementor-widget elementor-widget-text-editor\" data-id=\"ab42b0a\" data-element_type=\"widget\" data-widget_type=\"text-editor.default\">\n\t\t\t\t<div class=\"elementor-widget-container\">\n\t\t\t\t\t\t\t<p>Im Juni finden auf Mallorca immer wieder Konzerte statt. Informieren Sie sich also vor der Organisation Ihrer Reise und versuchen Sie, die Reisezeiten so zu legen, dass Sie ein Konzert besuchen k\u00f6nnen, das Ihnen gef\u00e4llt. Wenn Sie auf Mallorca feiern m\u00f6chten, empfehlen wir Ihnen die Viertel Santa Catalina und die Strandpromenade von Palma, wo es viele Restaurants, Bars und Nachtclubs gibt. An Unterhaltung wird es Ihnen nicht mangeln und Sie m\u00fcssen nicht lange suchen, um sie zu finden.<\/p>\t\t\t\t\t\t<\/div>\n\t\t\t\t<\/div>\n\t\t\t\t<div class=\"elementor-element elementor-element-c4c20b0 elementor-widget elementor-widget-image\" data-id=\"c4c20b0\" data-element_type=\"widget\" data-widget_type=\"image.default\">\n\t\t\t\t<div class=\"elementor-widget-container\">\n\t\t\t\t\t\t\t\t\t\t\t\t\t\t\t<img loading=\"lazy\" decoding=\"async\" width=\"1254\" height=\"627\" src=\"https:\/\/www.yourhousemallorca.com\/blog\/wp-content\/uploads\/2024\/04\/Noche-mallorca.jpg\" class=\"attachment-full size-full wp-image-610\" alt=\"Noche-mallorca\" srcset=\"https:\/\/www.yourhousemallorca.com\/blog\/wp-content\/uploads\/2024\/04\/Noche-mallorca.jpg 1254w, https:\/\/www.yourhousemallorca.com\/blog\/wp-content\/uploads\/2024\/04\/Noche-mallorca-768x384.jpg 768w\" sizes=\"(max-width: 1254px) 100vw, 1254px\" \/>\t\t\t\t\t\t\t\t\t\t\t\t\t\t\t<\/div>\n\t\t\t\t<\/div>\n\t\t\t\t\t<\/div>\n\t\t\t\t<\/div>\n\t\t<div class=\"elementor-element elementor-element-ba3bc85 e-flex e-con-boxed e-con e-parent\" data-id=\"ba3bc85\" data-element_type=\"container\" data-settings=\"{&quot;content_width&quot;:&quot;boxed&quot;}\" data-core-v316-plus=\"true\">\n\t\t\t\t\t<div class=\"e-con-inner\">\n\t\t\t\t<div class=\"elementor-element elementor-element-1432d6e elementor-widget elementor-widget-heading\" data-id=\"1432d6e\" data-element_type=\"widget\" data-widget_type=\"heading.default\">\n\t\t\t\t<div class=\"elementor-widget-container\">\n\t\t\t<h2 class=\"elementor-heading-title elementor-size-default\">Genie\u00dfen Sie Mallorca im Juni!\n<\/h2>\t\t<\/div>\n\t\t\t\t<\/div>\n\t\t\t\t<div class=\"elementor-element elementor-element-f81581e elementor-widget elementor-widget-text-editor\" data-id=\"f81581e\" data-element_type=\"widget\" data-widget_type=\"text-editor.default\">\n\t\t\t\t<div class=\"elementor-widget-container\">\n\t\t\t\t\t\t\t<p>Die Wahrheit ist, dass man Mallorca zu jeder Jahreszeit genie\u00dfen kann, denn jede Jahreszeit hat ihren Reiz und es gibt auf dieser Insel immer etwas zu unternehmen. Das gute Wetter auf Mallorca im Juni und die lebendigere Atmosph\u00e4re und Vielfalt an Aktivit\u00e4ten, die man in den Sommermonaten auf Mallorca finden kann, machen diese Zeit jedoch zur besten Reisezeit. Wenn Sie Lust dazu haben, sollten Sie sich \u00fcber die Unterkunftsm\u00f6glichkeiten auf Mallorca informieren, sei es f\u00fcr Ihre Familie, eine Gruppe von Freunden oder f\u00fcr einen Besuch zu zweit. Wohnungen, Fincas, Bungalows, Chalets, Villen und andere Arten, damit Sie einen perfekten Urlaub auf Mallorca verbringen k\u00f6nnen.<\/p>\t\t\t\t\t\t<\/div>\n\t\t\t\t<\/div>\n\t\t\t\t\t<\/div>\n\t\t\t\t<\/div>\n\t\t<div class=\"elementor-element elementor-element-13d96ddf e-flex e-con-boxed e-con e-parent\" data-id=\"13d96ddf\" data-element_type=\"container\" data-settings=\"{&quot;content_width&quot;:&quot;boxed&quot;}\" data-core-v316-plus=\"true\">\n\t\t\t\t\t<div class=\"e-con-inner\">\n\t\t<div class=\"elementor-element elementor-element-58ab421c e-con-full e-flex e-con e-child\" data-id=\"58ab421c\" data-element_type=\"container\" data-settings=\"{&quot;content_width&quot;:&quot;full&quot;,&quot;background_background&quot;:&quot;classic&quot;}\">\n\t\t\t\t<div class=\"elementor-element elementor-element-6cf78617 elementor-widget elementor-widget-heading\" data-id=\"6cf78617\" data-element_type=\"widget\" data-widget_type=\"heading.default\">\n\t\t\t\t<div class=\"elementor-widget-container\">\n\t\t\t<div class=\"elementor-heading-title elementor-size-default\"><a href=\"https:\/\/www.yourhousemallorca.com\/de\/vermietung\/ferienwohnungen-mallorca-c1e21\/\">Ferienwohnung in Mallorca<\/a><\/div>\t\t<\/div>\n\t\t\t\t<\/div>\n\t\t\t\t<\/div>\n\t\t<div class=\"elementor-element elementor-element-20288fac e-con-full e-flex e-con e-child\" data-id=\"20288fac\" data-element_type=\"container\" data-settings=\"{&quot;content_width&quot;:&quot;full&quot;,&quot;background_background&quot;:&quot;classic&quot;}\">\n\t\t\t\t<div class=\"elementor-element elementor-element-483f3c29 elementor-widget elementor-widget-heading\" data-id=\"483f3c29\" data-element_type=\"widget\" data-widget_type=\"heading.default\">\n\t\t\t\t<div class=\"elementor-widget-container\">\n\t\t\t<div class=\"elementor-heading-title elementor-size-default\"><a href=\"https:\/\/www.yourhousemallorca.com\/de\/vermietung\/ferienhauser-mallorca-c19e21\/\">Ferienhaus in Mallorca<\/a><\/div>\t\t<\/div>\n\t\t\t\t<\/div>\n\t\t\t\t<\/div>\n\t\t<div class=\"elementor-element elementor-element-586a95f0 e-con-full e-flex e-con e-child\" data-id=\"586a95f0\" data-element_type=\"container\" data-settings=\"{&quot;content_width&quot;:&quot;full&quot;,&quot;background_background&quot;:&quot;classic&quot;}\">\n\t\t\t\t<div class=\"elementor-element elementor-element-7e090189 elementor-widget elementor-widget-heading\" data-id=\"7e090189\" data-element_type=\"widget\" data-widget_type=\"heading.default\">\n\t\t\t\t<div class=\"elementor-widget-container\">\n\t\t\t<div class=\"elementor-heading-title elementor-size-default\"><a href=\"https:\/\/www.yourhousemallorca.com\/de\/vermietung\/villen-mallorca-c2e21\/\">Villas in Mallorca<\/a><\/div>\t\t<\/div>\n\t\t\t\t<\/div>\n\t\t\t\t<\/div>\n\t\t\t\t\t<\/div>\n\t\t\t\t<\/div>\n\t\t\t\t\t\t\t<\/div>\n\t\t","protected":false},"excerpt":{"rendered":"<p>Wenn Sie im Juni nach Mallorca reisen, haben Sie Gl\u00fcck. Diese Insel l\u00e4sst sich das ganze Jahr \u00fcber perfekt erkunden,&#8230;<\/p>\n","protected":false},"author":5,"featured_media":620,"comment_status":"open","ping_status":"open","sticky":false,"template":"","format":"standard","meta":{"footnotes":""},"categories":[30],"tags":[],"class_list":["post-633","post","type-post","status-publish","format-standard","has-post-thumbnail","hentry","category-mallorca-2"],"yoast_head":"<!-- This site is optimized with the Yoast SEO plugin v21.7 - https:\/\/yoast.com\/wordpress\/plugins\/seo\/ -->\n<title>Mallorca im Juni: der perfekte Zeitpunkt - Reisen nach Mallorca | Your House Mallorca<\/title>\n<meta name=\"description\" content=\"Genie\u00dfen Sie diesen Juni den Sommer auf Mallorca, wo sich Kultur, Spa\u00df und Sonne zu einem Fest der Sch\u00f6nheit und der Insel vereinen.\" \/>\n<meta name=\"robots\" content=\"index, follow, max-snippet:-1, max-image-preview:large, max-video-preview:-1\" \/>\n<link rel=\"canonical\" href=\"https:\/\/www.yourhousemallorca.com\/blog\/de\/mallorca-im-juni\/\" \/>\n<meta property=\"og:locale\" content=\"de_DE\" \/>\n<meta property=\"og:type\" content=\"article\" \/>\n<meta property=\"og:title\" content=\"Mallorca im Juni: der perfekte Zeitpunkt - Reisen nach Mallorca | Your House Mallorca\" \/>\n<meta property=\"og:description\" content=\"Genie\u00dfen Sie diesen Juni den Sommer auf Mallorca, wo sich Kultur, Spa\u00df und Sonne zu einem Fest der Sch\u00f6nheit und der Insel vereinen.\" \/>\n<meta property=\"og:url\" content=\"https:\/\/www.yourhousemallorca.com\/blog\/de\/mallorca-im-juni\/\" \/>\n<meta property=\"og:site_name\" content=\"Reisen nach Mallorca | Your House Mallorca\" \/>\n<meta property=\"article:published_time\" content=\"2024-04-16T08:49:14+00:00\" \/>\n<meta property=\"article:modified_time\" content=\"2024-04-23T10:03:05+00:00\" \/>\n<meta property=\"og:image\" content=\"https:\/\/www.yourhousemallorca.com\/blog\/wp-content\/uploads\/2024\/04\/mallorca-en-junio.jpg\" \/>\n\t<meta property=\"og:image:width\" content=\"2129\" \/>\n\t<meta property=\"og:image:height\" content=\"710\" \/>\n\t<meta property=\"og:image:type\" content=\"image\/jpeg\" \/>\n<meta name=\"author\" content=\"Eva\" \/>\n<meta name=\"twitter:card\" content=\"summary_large_image\" \/>\n<meta name=\"twitter:label1\" content=\"Verfasst von\" \/>\n\t<meta name=\"twitter:data1\" content=\"Eva\" \/>\n\t<meta name=\"twitter:label2\" content=\"Gesch\u00e4tzte Lesezeit\" \/>\n\t<meta name=\"twitter:data2\" content=\"8\u00a0Minuten\" \/>\n<script type=\"application\/ld+json\" class=\"yoast-schema-graph\">{\"@context\":\"https:\/\/schema.org\",\"@graph\":[{\"@type\":\"WebPage\",\"@id\":\"https:\/\/www.yourhousemallorca.com\/blog\/de\/mallorca-im-juni\/\",\"url\":\"https:\/\/www.yourhousemallorca.com\/blog\/de\/mallorca-im-juni\/\",\"name\":\"Mallorca im Juni: der perfekte Zeitpunkt - Reisen nach Mallorca | Your House Mallorca\",\"isPartOf\":{\"@id\":\"https:\/\/www.yourhousemallorca.com\/blog\/de\/#website\"},\"datePublished\":\"2024-04-16T08:49:14+00:00\",\"dateModified\":\"2024-04-23T10:03:05+00:00\",\"author\":{\"@id\":\"https:\/\/www.yourhousemallorca.com\/blog\/de\/#\/schema\/person\/aab0ff2c499957c6a74f490f99720d5b\"},\"description\":\"Genie\u00dfen Sie diesen Juni den Sommer auf Mallorca, wo sich Kultur, Spa\u00df und Sonne zu einem Fest der Sch\u00f6nheit und der Insel vereinen.\",\"breadcrumb\":{\"@id\":\"https:\/\/www.yourhousemallorca.com\/blog\/de\/mallorca-im-juni\/#breadcrumb\"},\"inLanguage\":\"de\",\"potentialAction\":[{\"@type\":\"ReadAction\",\"target\":[\"https:\/\/www.yourhousemallorca.com\/blog\/de\/mallorca-im-juni\/\"]}]},{\"@type\":\"BreadcrumbList\",\"@id\":\"https:\/\/www.yourhousemallorca.com\/blog\/de\/mallorca-im-juni\/#breadcrumb\",\"itemListElement\":[{\"@type\":\"ListItem\",\"position\":1,\"name\":\"Portada\",\"item\":\"https:\/\/www.yourhousemallorca.com\/blog\/de\/\"},{\"@type\":\"ListItem\",\"position\":2,\"name\":\"Mallorca im Juni: der perfekte Zeitpunkt\"}]},{\"@type\":\"WebSite\",\"@id\":\"https:\/\/www.yourhousemallorca.com\/blog\/de\/#website\",\"url\":\"https:\/\/www.yourhousemallorca.com\/blog\/de\/\",\"name\":\"Reisen nach Mallorca | Your House Mallorca\",\"description\":\"YourHouse Group\",\"potentialAction\":[{\"@type\":\"SearchAction\",\"target\":{\"@type\":\"EntryPoint\",\"urlTemplate\":\"https:\/\/www.yourhousemallorca.com\/blog\/de\/?s={search_term_string}\"},\"query-input\":\"required name=search_term_string\"}],\"inLanguage\":\"de\"},{\"@type\":\"Person\",\"@id\":\"https:\/\/www.yourhousemallorca.com\/blog\/de\/#\/schema\/person\/aab0ff2c499957c6a74f490f99720d5b\",\"name\":\"Eva\",\"image\":{\"@type\":\"ImageObject\",\"inLanguage\":\"de\",\"@id\":\"https:\/\/www.yourhousemallorca.com\/blog\/de\/#\/schema\/person\/image\/\",\"url\":\"https:\/\/secure.gravatar.com\/avatar\/4b8c057b0ff063660acf247090dae90dd0ae285077fed7b07e91f130d710c6db?s=96&d=mm&r=g\",\"contentUrl\":\"https:\/\/secure.gravatar.com\/avatar\/4b8c057b0ff063660acf247090dae90dd0ae285077fed7b07e91f130d710c6db?s=96&d=mm&r=g\",\"caption\":\"Eva\"},\"url\":\"https:\/\/www.yourhousemallorca.com\/blog\/de\/author\/eva\/\"}]}<\/script>\n<!-- \/ Yoast SEO plugin. -->","yoast_head_json":{"title":"Mallorca im Juni: der perfekte Zeitpunkt - Reisen nach Mallorca | Your House Mallorca","description":"Genie\u00dfen Sie diesen Juni den Sommer auf Mallorca, wo sich Kultur, Spa\u00df und Sonne zu einem Fest der Sch\u00f6nheit und der Insel vereinen.","robots":{"index":"index","follow":"follow","max-snippet":"max-snippet:-1","max-image-preview":"max-image-preview:large","max-video-preview":"max-video-preview:-1"},"canonical":"https:\/\/www.yourhousemallorca.com\/blog\/de\/mallorca-im-juni\/","og_locale":"de_DE","og_type":"article","og_title":"Mallorca im Juni: der perfekte Zeitpunkt - Reisen nach Mallorca | Your House Mallorca","og_description":"Genie\u00dfen Sie diesen Juni den Sommer auf Mallorca, wo sich Kultur, Spa\u00df und Sonne zu einem Fest der Sch\u00f6nheit und der Insel vereinen.","og_url":"https:\/\/www.yourhousemallorca.com\/blog\/de\/mallorca-im-juni\/","og_site_name":"Reisen nach Mallorca | Your House Mallorca","article_published_time":"2024-04-16T08:49:14+00:00","article_modified_time":"2024-04-23T10:03:05+00:00","og_image":[{"width":2129,"height":710,"url":"https:\/\/www.yourhousemallorca.com\/blog\/wp-content\/uploads\/2024\/04\/mallorca-en-junio.jpg","type":"image\/jpeg"}],"author":"Eva","twitter_card":"summary_large_image","twitter_misc":{"Verfasst von":"Eva","Gesch\u00e4tzte Lesezeit":"8\u00a0Minuten"},"schema":{"@context":"https:\/\/schema.org","@graph":[{"@type":"WebPage","@id":"https:\/\/www.yourhousemallorca.com\/blog\/de\/mallorca-im-juni\/","url":"https:\/\/www.yourhousemallorca.com\/blog\/de\/mallorca-im-juni\/","name":"Mallorca im Juni: der perfekte Zeitpunkt - Reisen nach Mallorca | Your House Mallorca","isPartOf":{"@id":"https:\/\/www.yourhousemallorca.com\/blog\/de\/#website"},"datePublished":"2024-04-16T08:49:14+00:00","dateModified":"2024-04-23T10:03:05+00:00","author":{"@id":"https:\/\/www.yourhousemallorca.com\/blog\/de\/#\/schema\/person\/aab0ff2c499957c6a74f490f99720d5b"},"description":"Genie\u00dfen Sie diesen Juni den Sommer auf Mallorca, wo sich Kultur, Spa\u00df und Sonne zu einem Fest der Sch\u00f6nheit und der Insel vereinen.","breadcrumb":{"@id":"https:\/\/www.yourhousemallorca.com\/blog\/de\/mallorca-im-juni\/#breadcrumb"},"inLanguage":"de","potentialAction":[{"@type":"ReadAction","target":["https:\/\/www.yourhousemallorca.com\/blog\/de\/mallorca-im-juni\/"]}]},{"@type":"BreadcrumbList","@id":"https:\/\/www.yourhousemallorca.com\/blog\/de\/mallorca-im-juni\/#breadcrumb","itemListElement":[{"@type":"ListItem","position":1,"name":"Portada","item":"https:\/\/www.yourhousemallorca.com\/blog\/de\/"},{"@type":"ListItem","position":2,"name":"Mallorca im Juni: der perfekte Zeitpunkt"}]},{"@type":"WebSite","@id":"https:\/\/www.yourhousemallorca.com\/blog\/de\/#website","url":"https:\/\/www.yourhousemallorca.com\/blog\/de\/","name":"Reisen nach Mallorca | Your House Mallorca","description":"YourHouse Group","potentialAction":[{"@type":"SearchAction","target":{"@type":"EntryPoint","urlTemplate":"https:\/\/www.yourhousemallorca.com\/blog\/de\/?s={search_term_string}"},"query-input":"required name=search_term_string"}],"inLanguage":"de"},{"@type":"Person","@id":"https:\/\/www.yourhousemallorca.com\/blog\/de\/#\/schema\/person\/aab0ff2c499957c6a74f490f99720d5b","name":"Eva","image":{"@type":"ImageObject","inLanguage":"de","@id":"https:\/\/www.yourhousemallorca.com\/blog\/de\/#\/schema\/person\/image\/","url":"https:\/\/secure.gravatar.com\/avatar\/4b8c057b0ff063660acf247090dae90dd0ae285077fed7b07e91f130d710c6db?s=96&d=mm&r=g","contentUrl":"https:\/\/secure.gravatar.com\/avatar\/4b8c057b0ff063660acf247090dae90dd0ae285077fed7b07e91f130d710c6db?s=96&d=mm&r=g","caption":"Eva"},"url":"https:\/\/www.yourhousemallorca.com\/blog\/de\/author\/eva\/"}]}},"_links":{"self":[{"href":"https:\/\/www.yourhousemallorca.com\/blog\/de\/wp-json\/wp\/v2\/posts\/633","targetHints":{"allow":["GET"]}}],"collection":[{"href":"https:\/\/www.yourhousemallorca.com\/blog\/de\/wp-json\/wp\/v2\/posts"}],"about":[{"href":"https:\/\/www.yourhousemallorca.com\/blog\/de\/wp-json\/wp\/v2\/types\/post"}],"author":[{"embeddable":true,"href":"https:\/\/www.yourhousemallorca.com\/blog\/de\/wp-json\/wp\/v2\/users\/5"}],"replies":[{"embeddable":true,"href":"https:\/\/www.yourhousemallorca.com\/blog\/de\/wp-json\/wp\/v2\/comments?post=633"}],"version-history":[{"count":7,"href":"https:\/\/www.yourhousemallorca.com\/blog\/de\/wp-json\/wp\/v2\/posts\/633\/revisions"}],"predecessor-version":[{"id":650,"href":"https:\/\/www.yourhousemallorca.com\/blog\/de\/wp-json\/wp\/v2\/posts\/633\/revisions\/650"}],"wp:featuredmedia":[{"embeddable":true,"href":"https:\/\/www.yourhousemallorca.com\/blog\/de\/wp-json\/wp\/v2\/media\/620"}],"wp:attachment":[{"href":"https:\/\/www.yourhousemallorca.com\/blog\/de\/wp-json\/wp\/v2\/media?parent=633"}],"wp:term":[{"taxonomy":"category","embeddable":true,"href":"https:\/\/www.yourhousemallorca.com\/blog\/de\/wp-json\/wp\/v2\/categories?post=633"},{"taxonomy":"post_tag","embeddable":true,"href":"https:\/\/www.yourhousemallorca.com\/blog\/de\/wp-json\/wp\/v2\/tags?post=633"}],"curies":[{"name":"wp","href":"https:\/\/api.w.org\/{rel}","templated":true}]}}