{"id":192,"date":"2024-01-04T13:14:47","date_gmt":"2024-01-04T13:14:47","guid":{"rendered":"https:\/\/www.yourhousemallorca.com\/blog\/?p=192"},"modified":"2024-01-04T13:47:11","modified_gmt":"2024-01-04T13:47:11","slug":"mallorca-marzo","status":"publish","type":"post","link":"https:\/\/www.yourhousemallorca.com\/blog\/mallorca-marzo\/","title":{"rendered":"\u00bfSabes qu\u00e9 hacer en Mallorca en marzo?"},"content":{"rendered":"\t\t<div data-elementor-type=\"wp-post\" data-elementor-id=\"192\" class=\"elementor elementor-192\" data-elementor-post-type=\"post\">\n\t\t\t\t\t\t\t<div class=\"elementor-element elementor-element-752a7273 e-flex e-con-boxed e-con e-parent\" data-id=\"752a7273\" data-element_type=\"container\" data-settings=\"{&quot;content_width&quot;:&quot;boxed&quot;}\" data-core-v316-plus=\"true\">\n\t\t\t\t\t<div class=\"e-con-inner\">\n\t\t\t\t<div class=\"elementor-element elementor-element-456a3c2b elementor-widget elementor-widget-text-editor\" data-id=\"456a3c2b\" data-element_type=\"widget\" data-widget_type=\"text-editor.default\">\n\t\t\t\t<div class=\"elementor-widget-container\">\n\t\t\t<style>\/*! elementor - v3.18.0 - 20-12-2023 *\/\n.elementor-widget-text-editor.elementor-drop-cap-view-stacked .elementor-drop-cap{background-color:#69727d;color:#fff}.elementor-widget-text-editor.elementor-drop-cap-view-framed .elementor-drop-cap{color:#69727d;border:3px solid;background-color:transparent}.elementor-widget-text-editor:not(.elementor-drop-cap-view-default) .elementor-drop-cap{margin-top:8px}.elementor-widget-text-editor:not(.elementor-drop-cap-view-default) .elementor-drop-cap-letter{width:1em;height:1em}.elementor-widget-text-editor .elementor-drop-cap{float:left;text-align:center;line-height:1;font-size:50px}.elementor-widget-text-editor .elementor-drop-cap-letter{display:inline-block}<\/style>\t\t\t\t<p><b>Qu\u00e9 hacer en Mallorca en marzo<\/b><span style=\"font-weight: 400;\"> es una pregunta con gran cantidad de respuestas, pues se trata de un mes de los m\u00e1s animados y especiales para visitar esta isla balear. <\/span><span style=\"font-weight: 400;\">En este <\/span><i><span style=\"font-weight: 400;\">post<\/span><\/i><span style=\"font-weight: 400;\"> queremos contarte todo lo que podr\u00e1s ver y disfrutar en estas fechas si organizas una escapada a la mallorquina. Sin duda, hay aut\u00e9nticos planazos para ti.<\/span><\/p>\t\t\t\t\t\t<\/div>\n\t\t\t\t<\/div>\n\t\t\t\t\t<\/div>\n\t\t\t\t<\/div>\n\t\t<div class=\"elementor-element elementor-element-583bae64 e-flex e-con-boxed e-con e-parent\" data-id=\"583bae64\" data-element_type=\"container\" data-settings=\"{&quot;content_width&quot;:&quot;boxed&quot;}\" data-core-v316-plus=\"true\">\n\t\t\t\t\t<div class=\"e-con-inner\">\n\t\t\t\t<div class=\"elementor-element elementor-element-5aad9ec3 elementor-widget elementor-widget-table-of-contents\" data-id=\"5aad9ec3\" data-element_type=\"widget\" data-settings=\"{&quot;headings_by_tags&quot;:[&quot;h2&quot;,&quot;h3&quot;],&quot;exclude_headings_by_selector&quot;:[],&quot;marker_view&quot;:&quot;bullets&quot;,&quot;icon&quot;:{&quot;value&quot;:&quot;&quot;,&quot;library&quot;:&quot;&quot;},&quot;hierarchical_view&quot;:&quot;yes&quot;,&quot;min_height&quot;:{&quot;unit&quot;:&quot;px&quot;,&quot;size&quot;:&quot;&quot;,&quot;sizes&quot;:[]},&quot;min_height_tablet&quot;:{&quot;unit&quot;:&quot;px&quot;,&quot;size&quot;:&quot;&quot;,&quot;sizes&quot;:[]},&quot;min_height_mobile&quot;:{&quot;unit&quot;:&quot;px&quot;,&quot;size&quot;:&quot;&quot;,&quot;sizes&quot;:[]}}\" data-widget_type=\"table-of-contents.default\">\n\t\t\t\t<div class=\"elementor-widget-container\">\n\t\t\t<style>\/*! elementor-pro - v3.18.0 - 20-12-2023 *\/\n.elementor-widget-table-of-contents .elementor-toc__header-title{color:var(--header-color)}.elementor-widget-table-of-contents.elementor-toc--collapsed .elementor-toc__toggle-button--collapse,.elementor-widget-table-of-contents:not(.elementor-toc--collapsed) .elementor-toc__toggle-button--expand{display:none}.elementor-widget-table-of-contents .elementor-widget-container{min-height:var(--box-min-height);border:var(--box-border-width,1px) solid var(--box-border-color,#9da5ae);border-radius:var(--box-border-radius,3px);background-color:var(--box-background-color);transition:min-height .4s;overflow:hidden}.elementor-toc__header{display:flex;align-items:center;justify-content:space-between;padding:var(--box-padding,20px);background-color:var(--header-background-color);border-bottom:var(--separator-width,1px) solid var(--box-border-color,#9da5ae)}.elementor-toc__header-title{font-size:18px;margin:0;color:var(--header-color)}.elementor-toc__toggle-button{cursor:pointer;display:inline-flex}.elementor-toc__toggle-button i{color:var(--toggle-button-color)}.elementor-toc__toggle-button svg{height:1em;width:1em;fill:var(--toggle-button-color)}.elementor-toc__spinner-container{text-align:center}.elementor-toc__spinner{font-size:2em}.elementor-toc__spinner.e-font-icon-svg{height:1em;width:1em}.elementor-toc__body{padding:var(--box-padding,20px);max-height:var(--toc-body-max-height);overflow-y:auto}.elementor-toc__body::-webkit-scrollbar{width:7px}.elementor-toc__body::-webkit-scrollbar-thumb{background-color:#babfc5;border-radius:10px}.elementor-toc__list-wrapper{list-style:none;padding:0}.elementor-toc__list-item{margin-bottom:.5em}.elementor-toc__list-item.elementor-item-active{font-weight:700}.elementor-toc__list-item .elementor-toc__list-wrapper{margin-top:.5em;margin-left:var(--nested-list-indent,1em)}.elementor-toc__list-item-text:hover{color:var(--item-text-hover-color);-webkit-text-decoration:var(--item-text-hover-decoration);text-decoration:var(--item-text-hover-decoration)}.elementor-toc__list-item-text.elementor-item-active{color:var(--item-text-active-color);-webkit-text-decoration:var(--item-text-active-decoration);text-decoration:var(--item-text-active-decoration)}.elementor-toc__list-item-text-wrapper{display:flex;align-items:center}.elementor-toc__list-item-text-wrapper:before,.elementor-toc__list-item-text-wrapper i{margin-right:8px;color:var(--marker-color)}.elementor-toc__list-item-text-wrapper svg{margin-right:8px;fill:var(--marker-color);height:var(--marker-size,.5em);width:var(--marker-size,.5em)}.elementor-toc__list-item-text-wrapper i{font-size:var(--marker-size,.5em)}.elementor-toc__list-item-text-wrapper:before{font-size:var(--marker-size,1em)}.elementor-toc--content-ellipsis .elementor-toc__list-item-text{white-space:nowrap;overflow:hidden;text-overflow:ellipsis}.elementor-toc__list-items--collapsible>.elementor-toc__list-wrapper>.elementor-toc__list-item>.elementor-toc__list-wrapper{display:none}.elementor-toc__heading-anchor{position:absolute}.elementor-toc__body .elementor-toc__list-item-text{color:var(--item-text-color);-webkit-text-decoration:var(--item-text-decoration);text-decoration:var(--item-text-decoration)}.elementor-toc__body .elementor-toc__list-item-text:hover{color:var(--item-text-hover-color);-webkit-text-decoration:var(--item-text-hover-decoration);text-decoration:var(--item-text-hover-decoration)}.elementor-toc__body .elementor-toc__list-item-text.elementor-item-active{color:var(--item-text-active-color);-webkit-text-decoration:var(--item-text-active-decoration);text-decoration:var(--item-text-active-decoration)}ol.elementor-toc__list-wrapper{counter-reset:item}ol.elementor-toc__list-wrapper .elementor-toc__list-item{counter-increment:item}ol.elementor-toc__list-wrapper .elementor-toc__list-item-text-wrapper:before{content:counters(item,\".\") \". \"}<\/style>\t\t<div class=\"elementor-toc__header\">\n\t\t\t<div class=\"elementor-toc__header-title\">\n\t\t\t\t\u00cdndice\t\t\t<\/div>\n\t\t\t\t\t<\/div>\n\t\t<div id=\"elementor-toc__5aad9ec3\" class=\"elementor-toc__body\">\n\t\t\t<div class=\"elementor-toc__spinner-container\">\n\t\t\t\t<svg class=\"elementor-toc__spinner eicon-animation-spin e-font-icon-svg e-eicon-loading\" aria-hidden=\"true\" viewBox=\"0 0 1000 1000\" xmlns=\"http:\/\/www.w3.org\/2000\/svg\"><path d=\"M500 975V858C696 858 858 696 858 500S696 142 500 142 142 304 142 500H25C25 237 238 25 500 25S975 237 975 500 763 975 500 975Z\"><\/path><\/svg>\t\t\t<\/div>\n\t\t<\/div>\n\t\t\t\t<\/div>\n\t\t\t\t<\/div>\n\t\t\t\t\t<\/div>\n\t\t\t\t<\/div>\n\t\t<div class=\"elementor-element elementor-element-145be75c e-flex e-con-boxed e-con e-parent\" data-id=\"145be75c\" data-element_type=\"container\" data-settings=\"{&quot;content_width&quot;:&quot;boxed&quot;}\" data-core-v316-plus=\"true\">\n\t\t\t\t\t<div class=\"e-con-inner\">\n\t\t\t\t<div class=\"elementor-element elementor-element-5ee884a8 elementor-widget elementor-widget-heading\" data-id=\"5ee884a8\" data-element_type=\"widget\" data-widget_type=\"heading.default\">\n\t\t\t\t<div class=\"elementor-widget-container\">\n\t\t\t<style>\/*! elementor - v3.18.0 - 20-12-2023 *\/\n.elementor-heading-title{padding:0;margin:0;line-height:1}.elementor-widget-heading .elementor-heading-title[class*=elementor-size-]>a{color:inherit;font-size:inherit;line-height:inherit}.elementor-widget-heading .elementor-heading-title.elementor-size-small{font-size:15px}.elementor-widget-heading .elementor-heading-title.elementor-size-medium{font-size:19px}.elementor-widget-heading .elementor-heading-title.elementor-size-large{font-size:29px}.elementor-widget-heading .elementor-heading-title.elementor-size-xl{font-size:39px}.elementor-widget-heading .elementor-heading-title.elementor-size-xxl{font-size:59px}<\/style><h2 class=\"elementor-heading-title elementor-size-default\">Mallorca en marzo: clima agradable y experiencias \u00fanicas\n<\/h2>\t\t<\/div>\n\t\t\t\t<\/div>\n\t\t\t\t<div class=\"elementor-element elementor-element-1e9ab476 elementor-widget elementor-widget-text-editor\" data-id=\"1e9ab476\" data-element_type=\"widget\" data-widget_type=\"text-editor.default\">\n\t\t\t\t<div class=\"elementor-widget-container\">\n\t\t\t\t\t\t\t<p><span style=\"font-weight: 400;\">A pesar de que todav\u00eda es un mes invernal, el <\/span><b>tiempo en Mallorca en marzo <\/b><span style=\"font-weight: 400;\">ya es agradable. De hecho, las <\/span><b>temperaturas medias diurnas se sit\u00faan entre los 15 y los 18 \u00baC<\/b><span style=\"font-weight: 400;\">, por lo que los visitantes se sienten muy c\u00f3modos. La ropa de entretiempo adquiere su protagonismo y acompa\u00f1a a los viajeros en sus excursiones.\u00a0<\/span><span style=\"text-align: var(--text-align);\">Eso s\u00ed, por la noche el term\u00f3metro se sit\u00faa entre los 8 y los 9 grados. Ll\u00e9vate un abrigo por si acaso para estar seguro de que te sentir\u00e1s a gusto disfrutando de vivencias \u00fanicas.<\/span><\/p>\t\t\t\t\t\t<\/div>\n\t\t\t\t<\/div>\n\t\t\t\t\t<\/div>\n\t\t\t\t<\/div>\n\t\t<div class=\"elementor-element elementor-element-5801eee e-flex e-con-boxed e-con e-parent\" data-id=\"5801eee\" data-element_type=\"container\" data-settings=\"{&quot;content_width&quot;:&quot;boxed&quot;}\" data-core-v316-plus=\"true\">\n\t\t\t\t\t<div class=\"e-con-inner\">\n\t\t\t\t<div class=\"elementor-element elementor-element-825ca69 elementor-widget elementor-widget-heading\" data-id=\"825ca69\" data-element_type=\"widget\" data-widget_type=\"heading.default\">\n\t\t\t\t<div class=\"elementor-widget-container\">\n\t\t\t<h2 class=\"elementor-heading-title elementor-size-default\">Eventos recurrentes durante marzo en Mallorca\n<\/h2>\t\t<\/div>\n\t\t\t\t<\/div>\n\t\t\t\t<div class=\"elementor-element elementor-element-dcd0740 elementor-widget elementor-widget-text-editor\" data-id=\"dcd0740\" data-element_type=\"widget\" data-widget_type=\"text-editor.default\">\n\t\t\t\t<div class=\"elementor-widget-container\">\n\t\t\t\t\t\t\t<p><span style=\"font-weight: 400;\">\u00bfSabes que el 3 de marzo es el <\/span><b>D\u00eda Mundial de la Naturaleza<\/b><span style=\"font-weight: 400;\">? En la c\u00e9ntrica localidad isle\u00f1a de Lloret de Vistalegre esta efem\u00e9ride se conmemora con una serie de actividades de cuidado medioambiental. Habitualmente, se limpia la zona de Sa Comuna durante un agradable paseo colectivo.\u00a0<\/span><\/p><p><span style=\"text-align: var(--text-align);\">Si te gusta la artesan\u00eda, la <\/span><b style=\"text-align: var(--text-align);\">Fira del Fang<\/b><span style=\"text-align: var(--text-align);\"> es un referente \u00fanico en su sector. Tiene lugar en Marrach\u00ed y los ceramistas son sus principales protagonistas. Las piezas expuestas, hechas a mano, son impresionantes. \u00a1Seguro que te llevas alguna obra de arte a casa! Adem\u00e1s, se organizan conferencias y talleres, as\u00ed que incluso puedes aprender a crear tus propias figuras.\u00a0<\/span><span style=\"text-align: var(--text-align);\">Otras citas interesantes de <\/span><b style=\"text-align: var(--text-align);\">Mallorca en marzo<\/b><span style=\"text-align: var(--text-align);\"> son la <\/span><b style=\"text-align: var(--text-align);\">Feria Natursport<\/b><span style=\"text-align: var(--text-align);\">, con m\u00faltiples actividades al aire libre, y el <\/span><b style=\"text-align: var(--text-align);\">Rally Cl\u00e1sico Isla de Mallorca<\/b><span style=\"text-align: var(--text-align);\">, con m\u00e1s de 500 kil\u00f3metros de recorrido y un total de 14 tramos.<\/span><\/p>\t\t\t\t\t\t<\/div>\n\t\t\t\t<\/div>\n\t\t\t\t\t<\/div>\n\t\t\t\t<\/div>\n\t\t<div class=\"elementor-element elementor-element-42c8667 e-flex e-con-boxed e-con e-parent\" data-id=\"42c8667\" data-element_type=\"container\" data-settings=\"{&quot;content_width&quot;:&quot;boxed&quot;}\" data-core-v316-plus=\"true\">\n\t\t\t\t\t<div class=\"e-con-inner\">\n\t\t\t\t<div class=\"elementor-element elementor-element-a5418d8 elementor-widget elementor-widget-image\" data-id=\"a5418d8\" data-element_type=\"widget\" data-widget_type=\"image.default\">\n\t\t\t\t<div class=\"elementor-widget-container\">\n\t\t\t<style>\/*! elementor - v3.18.0 - 20-12-2023 *\/\n.elementor-widget-image{text-align:center}.elementor-widget-image a{display:inline-block}.elementor-widget-image a img[src$=\".svg\"]{width:48px}.elementor-widget-image img{vertical-align:middle;display:inline-block}<\/style>\t\t\t\t\t\t\t\t\t\t\t\t<img fetchpriority=\"high\" decoding=\"async\" width=\"1920\" height=\"650\" src=\"https:\/\/www.yourhousemallorca.com\/blog\/wp-content\/uploads\/2024\/01\/fira-del-fang.jpg\" class=\"attachment-full size-full wp-image-235\" alt=\"fira-del-fang\" srcset=\"https:\/\/www.yourhousemallorca.com\/blog\/wp-content\/uploads\/2024\/01\/fira-del-fang.jpg 1920w, https:\/\/www.yourhousemallorca.com\/blog\/wp-content\/uploads\/2024\/01\/fira-del-fang-768x260.jpg 768w, https:\/\/www.yourhousemallorca.com\/blog\/wp-content\/uploads\/2024\/01\/fira-del-fang-1536x520.jpg 1536w\" sizes=\"(max-width: 1920px) 100vw, 1920px\" \/>\t\t\t\t\t\t\t\t\t\t\t\t\t\t\t<\/div>\n\t\t\t\t<\/div>\n\t\t\t\t\t<\/div>\n\t\t\t\t<\/div>\n\t\t<div class=\"elementor-element elementor-element-999c633 e-flex e-con-boxed e-con e-parent\" data-id=\"999c633\" data-element_type=\"container\" data-settings=\"{&quot;content_width&quot;:&quot;boxed&quot;}\" data-core-v316-plus=\"true\">\n\t\t\t\t\t<div class=\"e-con-inner\">\n\t\t\t\t<div class=\"elementor-element elementor-element-45a5700 elementor-widget elementor-widget-heading\" data-id=\"45a5700\" data-element_type=\"widget\" data-widget_type=\"heading.default\">\n\t\t\t\t<div class=\"elementor-widget-container\">\n\t\t\t<h2 class=\"elementor-heading-title elementor-size-default\">Festividades locales y celebraciones culturales\n<\/h2>\t\t<\/div>\n\t\t\t\t<\/div>\n\t\t\t\t<div class=\"elementor-element elementor-element-f865fa4 elementor-widget elementor-widget-text-editor\" data-id=\"f865fa4\" data-element_type=\"widget\" data-widget_type=\"text-editor.default\">\n\t\t\t\t<div class=\"elementor-widget-container\">\n\t\t\t\t\t\t\t<p><span style=\"font-weight: 400;\">El primer d\u00eda de marzo es la fiesta comunitaria por excelencia de las islas Baleares. Se conmemora la <\/span><b>firma del Estatuto de Autonom\u00eda de 1983<\/b><span style=\"font-weight: 400;\"> con una serie de eventos y citas culturales significativas. Palma de Mallorca es la sede principal de estos actos, aunque no la \u00fanica.<\/span><\/p>\n<p><span style=\"font-weight: 400;\">Por ejemplo, en el <\/span><b>Parc de Sa Feixina<\/b><span style=\"font-weight: 400;\"> probar\u00e1s la gastronom\u00eda local en sus casetas. Adem\u00e1s, los principales edificios p\u00fablicos e institucionales abren sus puertas para que puedan ser visitados.<\/span><\/p>\n<p><span style=\"font-weight: 400;\">Por otra parte, durante todo el mes de marzo te espera la <\/span><b>Fira del Ram<\/b><span style=\"font-weight: 400;\">. Esta feria con m\u00e1s de 170 atracciones es un maravilloso entretenimiento para todas las familias, las parejas y los grupos de amigos. \u00a1Es imprescindible visitarla!<\/span><\/p>\t\t\t\t\t\t<\/div>\n\t\t\t\t<\/div>\n\t\t\t\t\t<\/div>\n\t\t\t\t<\/div>\n\t\t<div class=\"elementor-element elementor-element-e4a8f69 e-flex e-con-boxed e-con e-parent\" data-id=\"e4a8f69\" data-element_type=\"container\" data-settings=\"{&quot;content_width&quot;:&quot;boxed&quot;}\" data-core-v316-plus=\"true\">\n\t\t\t\t\t<div class=\"e-con-inner\">\n\t\t\t\t<div class=\"elementor-element elementor-element-d4c4a2c elementor-widget elementor-widget-heading\" data-id=\"d4c4a2c\" data-element_type=\"widget\" data-widget_type=\"heading.default\">\n\t\t\t\t<div class=\"elementor-widget-container\">\n\t\t\t<h2 class=\"elementor-heading-title elementor-size-default\">Actividades al aire libre: la naturaleza de Mallorca en marzo\n<\/h2>\t\t<\/div>\n\t\t\t\t<\/div>\n\t\t\t\t<div class=\"elementor-element elementor-element-1b1f185 elementor-widget elementor-widget-text-editor\" data-id=\"1b1f185\" data-element_type=\"widget\" data-widget_type=\"text-editor.default\">\n\t\t\t\t<div class=\"elementor-widget-container\">\n\t\t\t\t\t\t\t<p><span style=\"font-weight: 400;\">Toda la isla esta preciosa durante el mes de marzo. Ahora bien, si hay una experiencia natural extraordinaria en estas fechas es <\/span><b>pasear entre los almendros en flor<\/b><span style=\"font-weight: 400;\">.<\/span><\/p>\n<p><span style=\"font-weight: 400;\">El precioso manto blanco y rosado que cubre estas superficies arb\u00f3reas otorga a la vivencia un car\u00e1cter \u00fanico. Despu\u00e9s de Jap\u00f3n es, posiblemente, el mejor lugar del mundo para disfrutarla. \u00bfD\u00f3nde debes ir para aprovechar al m\u00e1ximo esta visita? <\/span><b>Selva, Marrach\u00ed, Lloseta, Son Servera, Manacor, S\u00f3ller y Valldemosa<\/b><span style=\"font-weight: 400;\"> jam\u00e1s defraudan.<\/span><\/p>\n<p><b>Mallorca en marzo <\/b><span style=\"font-weight: 400;\">tambi\u00e9n te abre las puertas a otra aventura deliciosa en la naturaleza: las <\/span><b>excursiones a caballo<\/b><span style=\"font-weight: 400;\">. Los valles de Randa, localizados en la parte sur de la isla, son la zona perfecta para hacerlo.<\/span><\/p>\t\t\t\t\t\t<\/div>\n\t\t\t\t<\/div>\n\t\t\t\t\t<\/div>\n\t\t\t\t<\/div>\n\t\t<div class=\"elementor-element elementor-element-195ff9c e-flex e-con-boxed e-con e-parent\" data-id=\"195ff9c\" data-element_type=\"container\" data-settings=\"{&quot;content_width&quot;:&quot;boxed&quot;}\" data-core-v316-plus=\"true\">\n\t\t\t\t\t<div class=\"e-con-inner\">\n\t\t\t\t<div class=\"elementor-element elementor-element-9a2e169 elementor-widget elementor-widget-image\" data-id=\"9a2e169\" data-element_type=\"widget\" data-widget_type=\"image.default\">\n\t\t\t\t<div class=\"elementor-widget-container\">\n\t\t\t\t\t\t\t\t\t\t\t\t\t\t\t<img decoding=\"async\" width=\"1920\" height=\"650\" src=\"https:\/\/www.yourhousemallorca.com\/blog\/wp-content\/uploads\/2024\/01\/actividades-mallorca-marzo.jpg\" class=\"attachment-full size-full wp-image-238\" alt=\"actividades-mallorca-marzo\" srcset=\"https:\/\/www.yourhousemallorca.com\/blog\/wp-content\/uploads\/2024\/01\/actividades-mallorca-marzo.jpg 1920w, https:\/\/www.yourhousemallorca.com\/blog\/wp-content\/uploads\/2024\/01\/actividades-mallorca-marzo-768x260.jpg 768w, https:\/\/www.yourhousemallorca.com\/blog\/wp-content\/uploads\/2024\/01\/actividades-mallorca-marzo-1536x520.jpg 1536w\" sizes=\"(max-width: 1920px) 100vw, 1920px\" \/>\t\t\t\t\t\t\t\t\t\t\t\t\t\t\t<\/div>\n\t\t\t\t<\/div>\n\t\t\t\t\t<\/div>\n\t\t\t\t<\/div>\n\t\t<div class=\"elementor-element elementor-element-c85556e e-flex e-con-boxed e-con e-parent\" data-id=\"c85556e\" data-element_type=\"container\" data-settings=\"{&quot;content_width&quot;:&quot;boxed&quot;}\" data-core-v316-plus=\"true\">\n\t\t\t\t\t<div class=\"e-con-inner\">\n\t\t\t\t<div class=\"elementor-element elementor-element-0e99eac elementor-widget elementor-widget-heading\" data-id=\"0e99eac\" data-element_type=\"widget\" data-widget_type=\"heading.default\">\n\t\t\t\t<div class=\"elementor-widget-container\">\n\t\t\t<h2 class=\"elementor-heading-title elementor-size-default\">Descubriendo la isla: rutas y escenarios mallorquines en marzo\n<\/h2>\t\t<\/div>\n\t\t\t\t<\/div>\n\t\t\t\t<div class=\"elementor-element elementor-element-80972a8 elementor-widget elementor-widget-text-editor\" data-id=\"80972a8\" data-element_type=\"widget\" data-widget_type=\"text-editor.default\">\n\t\t\t\t<div class=\"elementor-widget-container\">\n\t\t\t\t\t\t\t<p><span style=\"font-weight: 400;\">Hay enclaves m\u00edticos en la isla que no puedes perderte. Por ejemplo, no olvides hacer un <\/span><b>recorrido urbano por Palma de Mallorca<\/b><span style=\"font-weight: 400;\">, donde la Catedral se erige impresionante.<\/span><\/p>\n<p><span style=\"font-weight: 400;\">Tambi\u00e9n las <\/span><b>playas mallorquinas<\/b><span style=\"font-weight: 400;\"> son un destino atractivo, aunque l\u00f3gicamente no para ba\u00f1arte. Sin embargo, su belleza buc\u00f3lica y rom\u00e1ntica te embriagar\u00e1, sacar\u00e1s muy buenas fotos y te relajar\u00e1s contemplando el mar desde la orilla.<\/span><\/p>\n<p><span style=\"font-weight: 400;\">Por supuesto, las <\/span><b>Cuevas del Drach<\/b><span style=\"font-weight: 400;\"> son otra cita ineludible. Situadas en Porto Cristo, las vas a disfrutar con mucha menos gente, por lo que la visita ser\u00e1 tranquila y a\u00fan m\u00e1s bonita. Y como la temperatura en su interior es de entre 17 y 20 grados, te sentir\u00e1s muy bien en ellas.<\/span><\/p>\t\t\t\t\t\t<\/div>\n\t\t\t\t<\/div>\n\t\t\t\t\t<\/div>\n\t\t\t\t<\/div>\n\t\t<div class=\"elementor-element elementor-element-8b6e238 e-flex e-con-boxed e-con e-parent\" data-id=\"8b6e238\" data-element_type=\"container\" data-settings=\"{&quot;content_width&quot;:&quot;boxed&quot;}\" data-core-v316-plus=\"true\">\n\t\t\t\t\t<div class=\"e-con-inner\">\n\t\t\t\t<div class=\"elementor-element elementor-element-8303398 elementor-widget elementor-widget-heading\" data-id=\"8303398\" data-element_type=\"widget\" data-widget_type=\"heading.default\">\n\t\t\t\t<div class=\"elementor-widget-container\">\n\t\t\t<h2 class=\"elementor-heading-title elementor-size-default\">\u00a1Sum\u00e9rgete en la magia de Mallorca en marzo, tu destino de ensue\u00f1o!\n<\/h2>\t\t<\/div>\n\t\t\t\t<\/div>\n\t\t\t\t<div class=\"elementor-element elementor-element-c7f1eb9 elementor-widget elementor-widget-text-editor\" data-id=\"c7f1eb9\" data-element_type=\"widget\" data-widget_type=\"text-editor.default\">\n\t\t\t\t<div class=\"elementor-widget-container\">\n\t\t\t\t\t\t\t<p><span style=\"font-weight: 400;\">Como acabas de leer, <\/span><b>Mallorca en marzo<\/b><span style=\"font-weight: 400;\"> es una maravilla, por eso te animamos a organizar una escapada en este mes. Los planes, los eventos y las atracciones se suceden de manera ininterrumpida, la tranquilidad invade sus rincones favoritos y el clima es agradable, mucho menos invernal de lo que se presupone.<\/span><\/p><p><span style=\"text-align: var(--text-align); background-color: transparent;\">Ahora que sabes <\/span><b style=\"text-align: var(--text-align); background-color: transparent;\">qu\u00e9 hacer en Mallorca en marzo<\/b><span style=\"text-align: var(--text-align); background-color: transparent;\">, solo necesitas encontrar un alojamiento top donde instalarte. En <\/span><a style=\"text-align: var(--text-align);\" href=\"https:\/\/villas.yourhousegroup.com\/\">YourHouse <\/a><span style=\"text-align: var(--text-align); background-color: transparent;\">ponemos a tu alcance la mejor selecci\u00f3n. \u00a1Tenemos de todo, siempre con una relaci\u00f3n calidad-precio excelente! Agroturismo, fincas, villas, casas, chal\u00e9s, apartamentos, estudios, adosados, casas rurales&#8230; \u00bfD\u00f3nde prefieres pasar estas vacaciones \u00fanicas?<\/span><\/p>\t\t\t\t\t\t<\/div>\n\t\t\t\t<\/div>\n\t\t\t\t\t<\/div>\n\t\t\t\t<\/div>\n\t\t<div class=\"elementor-element elementor-element-1c265f9f e-flex e-con-boxed e-con e-parent\" data-id=\"1c265f9f\" data-element_type=\"container\" data-settings=\"{&quot;content_width&quot;:&quot;boxed&quot;}\" data-core-v316-plus=\"true\">\n\t\t\t\t\t<div class=\"e-con-inner\">\n\t\t<div class=\"elementor-element elementor-element-57735142 e-con-full e-flex e-con e-child\" data-id=\"57735142\" data-element_type=\"container\" data-settings=\"{&quot;content_width&quot;:&quot;full&quot;}\">\n\t\t\t\t<div class=\"elementor-element elementor-element-b5f3f33 elementor-align-center elementor-widget elementor-widget-button\" data-id=\"b5f3f33\" data-element_type=\"widget\" data-widget_type=\"button.default\">\n\t\t\t\t<div class=\"elementor-widget-container\">\n\t\t\t\t\t<div class=\"elementor-button-wrapper\">\n\t\t\t<a class=\"elementor-button elementor-button-link elementor-size-md\" href=\"https:\/\/www.yourhousemallorca.com\/alquiler\/apartamentos-mallorca-c1e21\/\">\n\t\t\t\t\t\t<span class=\"elementor-button-content-wrapper\">\n\t\t\t\t\t\t<span class=\"elementor-button-text\">Apartamentos<\/span>\n\t\t<\/span>\n\t\t\t\t\t<\/a>\n\t\t<\/div>\n\t\t\t\t<\/div>\n\t\t\t\t<\/div>\n\t\t\t\t<\/div>\n\t\t<div class=\"elementor-element elementor-element-2d3df9f4 e-con-full e-flex e-con e-child\" data-id=\"2d3df9f4\" data-element_type=\"container\" data-settings=\"{&quot;content_width&quot;:&quot;full&quot;}\">\n\t\t\t\t<div class=\"elementor-element elementor-element-34583ee1 elementor-align-center elementor-widget elementor-widget-button\" data-id=\"34583ee1\" data-element_type=\"widget\" data-widget_type=\"button.default\">\n\t\t\t\t<div class=\"elementor-widget-container\">\n\t\t\t\t\t<div class=\"elementor-button-wrapper\">\n\t\t\t<a class=\"elementor-button elementor-button-link elementor-size-md\" href=\"https:\/\/www.yourhousemallorca.com\/alquiler\/casas-mallorca-c19e21\/\">\n\t\t\t\t\t\t<span class=\"elementor-button-content-wrapper\">\n\t\t\t\t\t\t<span class=\"elementor-button-text\">Casas<\/span>\n\t\t<\/span>\n\t\t\t\t\t<\/a>\n\t\t<\/div>\n\t\t\t\t<\/div>\n\t\t\t\t<\/div>\n\t\t\t\t<\/div>\n\t\t<div class=\"elementor-element elementor-element-517e416b e-con-full e-flex e-con e-child\" data-id=\"517e416b\" data-element_type=\"container\" data-settings=\"{&quot;content_width&quot;:&quot;full&quot;}\">\n\t\t\t\t<div class=\"elementor-element elementor-element-51bc1647 elementor-align-center elementor-widget elementor-widget-button\" data-id=\"51bc1647\" data-element_type=\"widget\" data-widget_type=\"button.default\">\n\t\t\t\t<div class=\"elementor-widget-container\">\n\t\t\t\t\t<div class=\"elementor-button-wrapper\">\n\t\t\t<a class=\"elementor-button elementor-button-link elementor-size-md\" href=\"https:\/\/www.yourhousemallorca.com\/alquiler\/villas-mallorca-c2e21\/\">\n\t\t\t\t\t\t<span class=\"elementor-button-content-wrapper\">\n\t\t\t\t\t\t<span class=\"elementor-button-text\">Villas<\/span>\n\t\t<\/span>\n\t\t\t\t\t<\/a>\n\t\t<\/div>\n\t\t\t\t<\/div>\n\t\t\t\t<\/div>\n\t\t\t\t<\/div>\n\t\t\t\t\t<\/div>\n\t\t\t\t<\/div>\n\t\t\t\t\t\t\t<\/div>\n\t\t","protected":false},"excerpt":{"rendered":"<p>Qu\u00e9 hacer en Mallorca en marzo es una pregunta con gran cantidad de respuestas, pues se trata de un mes&#8230;<\/p>\n","protected":false},"author":2,"featured_media":240,"comment_status":"open","ping_status":"open","sticky":false,"template":"","format":"standard","meta":{"footnotes":""},"categories":[26],"tags":[],"class_list":["post-192","post","type-post","status-publish","format-standard","has-post-thumbnail","hentry","category-mallorca"],"yoast_head":"<!-- This site is optimized with the Yoast SEO plugin v21.7 - https:\/\/yoast.com\/wordpress\/plugins\/seo\/ -->\n<title>Mallorca en marzo - Mallorca Blog<\/title>\n<meta name=\"description\" content=\"La pregunta qu\u00e9 hacer en Mallorca en marzo no va a tener secretos para ti. Te mostramos planazos incre\u00edbles y d\u00f3nde alojarte en tu viaje.\" \/>\n<meta name=\"robots\" content=\"index, follow, max-snippet:-1, max-image-preview:large, max-video-preview:-1\" \/>\n<link rel=\"canonical\" href=\"https:\/\/www.yourhousemallorca.com\/blog\/mallorca-marzo\/\" \/>\n<meta property=\"og:locale\" content=\"es_ES\" \/>\n<meta property=\"og:type\" content=\"article\" \/>\n<meta property=\"og:title\" content=\"Mallorca en marzo - Mallorca Blog\" \/>\n<meta property=\"og:description\" content=\"La pregunta qu\u00e9 hacer en Mallorca en marzo no va a tener secretos para ti. Te mostramos planazos incre\u00edbles y d\u00f3nde alojarte en tu viaje.\" \/>\n<meta property=\"og:url\" content=\"https:\/\/www.yourhousemallorca.com\/blog\/mallorca-marzo\/\" \/>\n<meta property=\"og:site_name\" content=\"Mallorca Blog\" \/>\n<meta property=\"article:published_time\" content=\"2024-01-04T13:14:47+00:00\" \/>\n<meta property=\"article:modified_time\" content=\"2024-01-04T13:47:11+00:00\" \/>\n<meta property=\"og:image\" content=\"https:\/\/www.yourhousemallorca.com\/blog\/wp-content\/uploads\/2024\/01\/mallorca-marzo.jpg\" \/>\n\t<meta property=\"og:image:width\" content=\"1920\" \/>\n\t<meta property=\"og:image:height\" content=\"650\" \/>\n\t<meta property=\"og:image:type\" content=\"image\/jpeg\" \/>\n<meta name=\"author\" content=\"digitalservices@avantio.com\" \/>\n<meta name=\"twitter:card\" content=\"summary_large_image\" \/>\n<meta name=\"twitter:label1\" content=\"Escrito por\" \/>\n\t<meta name=\"twitter:data1\" content=\"digitalservices@avantio.com\" \/>\n\t<meta name=\"twitter:label2\" content=\"Tiempo de lectura\" \/>\n\t<meta name=\"twitter:data2\" content=\"5 minutos\" \/>\n<script type=\"application\/ld+json\" class=\"yoast-schema-graph\">{\"@context\":\"https:\/\/schema.org\",\"@graph\":[{\"@type\":\"WebPage\",\"@id\":\"https:\/\/www.yourhousemallorca.com\/blog\/mallorca-marzo\/\",\"url\":\"https:\/\/www.yourhousemallorca.com\/blog\/mallorca-marzo\/\",\"name\":\"Mallorca en marzo - Mallorca Blog\",\"isPartOf\":{\"@id\":\"https:\/\/www.yourhousemallorca.com\/blog\/#website\"},\"datePublished\":\"2024-01-04T13:14:47+00:00\",\"dateModified\":\"2024-01-04T13:47:11+00:00\",\"author\":{\"@id\":\"https:\/\/www.yourhousemallorca.com\/blog\/#\/schema\/person\/ce3a7721bee88b80866a9bd5353e18f9\"},\"description\":\"La pregunta qu\u00e9 hacer en Mallorca en marzo no va a tener secretos para ti. Te mostramos planazos incre\u00edbles y d\u00f3nde alojarte en tu viaje.\",\"breadcrumb\":{\"@id\":\"https:\/\/www.yourhousemallorca.com\/blog\/mallorca-marzo\/#breadcrumb\"},\"inLanguage\":\"es\",\"potentialAction\":[{\"@type\":\"ReadAction\",\"target\":[\"https:\/\/www.yourhousemallorca.com\/blog\/mallorca-marzo\/\"]}]},{\"@type\":\"BreadcrumbList\",\"@id\":\"https:\/\/www.yourhousemallorca.com\/blog\/mallorca-marzo\/#breadcrumb\",\"itemListElement\":[{\"@type\":\"ListItem\",\"position\":1,\"name\":\"Portada\",\"item\":\"https:\/\/www.yourhousemallorca.com\/blog\/\"},{\"@type\":\"ListItem\",\"position\":2,\"name\":\"\u00bfSabes qu\u00e9 hacer en Mallorca en marzo?\"}]},{\"@type\":\"WebSite\",\"@id\":\"https:\/\/www.yourhousemallorca.com\/blog\/#website\",\"url\":\"https:\/\/www.yourhousemallorca.com\/blog\/\",\"name\":\"Mallorca Blog\",\"description\":\"Encuentra toda la informaci\u00f3n tur\u00edstica en nuestro blog de Mallorca. Todos los detalles que necesitas para tu visita\",\"potentialAction\":[{\"@type\":\"SearchAction\",\"target\":{\"@type\":\"EntryPoint\",\"urlTemplate\":\"https:\/\/www.yourhousemallorca.com\/blog\/?s={search_term_string}\"},\"query-input\":\"required name=search_term_string\"}],\"inLanguage\":\"es\"},{\"@type\":\"Person\",\"@id\":\"https:\/\/www.yourhousemallorca.com\/blog\/#\/schema\/person\/ce3a7721bee88b80866a9bd5353e18f9\",\"name\":\"digitalservices@avantio.com\",\"image\":{\"@type\":\"ImageObject\",\"inLanguage\":\"es\",\"@id\":\"https:\/\/www.yourhousemallorca.com\/blog\/#\/schema\/person\/image\/\",\"url\":\"https:\/\/secure.gravatar.com\/avatar\/af30f88a1904294c1f3eb09a9d7903eec4ffa18fa2cf40c28a8681014ecdfc20?s=96&d=mm&r=g\",\"contentUrl\":\"https:\/\/secure.gravatar.com\/avatar\/af30f88a1904294c1f3eb09a9d7903eec4ffa18fa2cf40c28a8681014ecdfc20?s=96&d=mm&r=g\",\"caption\":\"digitalservices@avantio.com\"},\"url\":\"https:\/\/www.yourhousemallorca.com\/blog\/author\/digitalservicesavantio-com\/\"}]}<\/script>\n<!-- \/ Yoast SEO plugin. -->","yoast_head_json":{"title":"Mallorca en marzo - Mallorca Blog","description":"La pregunta qu\u00e9 hacer en Mallorca en marzo no va a tener secretos para ti. Te mostramos planazos incre\u00edbles y d\u00f3nde alojarte en tu viaje.","robots":{"index":"index","follow":"follow","max-snippet":"max-snippet:-1","max-image-preview":"max-image-preview:large","max-video-preview":"max-video-preview:-1"},"canonical":"https:\/\/www.yourhousemallorca.com\/blog\/mallorca-marzo\/","og_locale":"es_ES","og_type":"article","og_title":"Mallorca en marzo - Mallorca Blog","og_description":"La pregunta qu\u00e9 hacer en Mallorca en marzo no va a tener secretos para ti. Te mostramos planazos incre\u00edbles y d\u00f3nde alojarte en tu viaje.","og_url":"https:\/\/www.yourhousemallorca.com\/blog\/mallorca-marzo\/","og_site_name":"Mallorca Blog","article_published_time":"2024-01-04T13:14:47+00:00","article_modified_time":"2024-01-04T13:47:11+00:00","og_image":[{"width":1920,"height":650,"url":"https:\/\/www.yourhousemallorca.com\/blog\/wp-content\/uploads\/2024\/01\/mallorca-marzo.jpg","type":"image\/jpeg"}],"author":"digitalservices@avantio.com","twitter_card":"summary_large_image","twitter_misc":{"Escrito por":"digitalservices@avantio.com","Tiempo de lectura":"5 minutos"},"schema":{"@context":"https:\/\/schema.org","@graph":[{"@type":"WebPage","@id":"https:\/\/www.yourhousemallorca.com\/blog\/mallorca-marzo\/","url":"https:\/\/www.yourhousemallorca.com\/blog\/mallorca-marzo\/","name":"Mallorca en marzo - Mallorca Blog","isPartOf":{"@id":"https:\/\/www.yourhousemallorca.com\/blog\/#website"},"datePublished":"2024-01-04T13:14:47+00:00","dateModified":"2024-01-04T13:47:11+00:00","author":{"@id":"https:\/\/www.yourhousemallorca.com\/blog\/#\/schema\/person\/ce3a7721bee88b80866a9bd5353e18f9"},"description":"La pregunta qu\u00e9 hacer en Mallorca en marzo no va a tener secretos para ti. Te mostramos planazos incre\u00edbles y d\u00f3nde alojarte en tu viaje.","breadcrumb":{"@id":"https:\/\/www.yourhousemallorca.com\/blog\/mallorca-marzo\/#breadcrumb"},"inLanguage":"es","potentialAction":[{"@type":"ReadAction","target":["https:\/\/www.yourhousemallorca.com\/blog\/mallorca-marzo\/"]}]},{"@type":"BreadcrumbList","@id":"https:\/\/www.yourhousemallorca.com\/blog\/mallorca-marzo\/#breadcrumb","itemListElement":[{"@type":"ListItem","position":1,"name":"Portada","item":"https:\/\/www.yourhousemallorca.com\/blog\/"},{"@type":"ListItem","position":2,"name":"\u00bfSabes qu\u00e9 hacer en Mallorca en marzo?"}]},{"@type":"WebSite","@id":"https:\/\/www.yourhousemallorca.com\/blog\/#website","url":"https:\/\/www.yourhousemallorca.com\/blog\/","name":"Mallorca Blog","description":"Encuentra toda la informaci\u00f3n tur\u00edstica en nuestro blog de Mallorca. Todos los detalles que necesitas para tu visita","potentialAction":[{"@type":"SearchAction","target":{"@type":"EntryPoint","urlTemplate":"https:\/\/www.yourhousemallorca.com\/blog\/?s={search_term_string}"},"query-input":"required name=search_term_string"}],"inLanguage":"es"},{"@type":"Person","@id":"https:\/\/www.yourhousemallorca.com\/blog\/#\/schema\/person\/ce3a7721bee88b80866a9bd5353e18f9","name":"digitalservices@avantio.com","image":{"@type":"ImageObject","inLanguage":"es","@id":"https:\/\/www.yourhousemallorca.com\/blog\/#\/schema\/person\/image\/","url":"https:\/\/secure.gravatar.com\/avatar\/af30f88a1904294c1f3eb09a9d7903eec4ffa18fa2cf40c28a8681014ecdfc20?s=96&d=mm&r=g","contentUrl":"https:\/\/secure.gravatar.com\/avatar\/af30f88a1904294c1f3eb09a9d7903eec4ffa18fa2cf40c28a8681014ecdfc20?s=96&d=mm&r=g","caption":"digitalservices@avantio.com"},"url":"https:\/\/www.yourhousemallorca.com\/blog\/author\/digitalservicesavantio-com\/"}]}},"_links":{"self":[{"href":"https:\/\/www.yourhousemallorca.com\/blog\/wp-json\/wp\/v2\/posts\/192","targetHints":{"allow":["GET"]}}],"collection":[{"href":"https:\/\/www.yourhousemallorca.com\/blog\/wp-json\/wp\/v2\/posts"}],"about":[{"href":"https:\/\/www.yourhousemallorca.com\/blog\/wp-json\/wp\/v2\/types\/post"}],"author":[{"embeddable":true,"href":"https:\/\/www.yourhousemallorca.com\/blog\/wp-json\/wp\/v2\/users\/2"}],"replies":[{"embeddable":true,"href":"https:\/\/www.yourhousemallorca.com\/blog\/wp-json\/wp\/v2\/comments?post=192"}],"version-history":[{"count":13,"href":"https:\/\/www.yourhousemallorca.com\/blog\/wp-json\/wp\/v2\/posts\/192\/revisions"}],"predecessor-version":[{"id":250,"href":"https:\/\/www.yourhousemallorca.com\/blog\/wp-json\/wp\/v2\/posts\/192\/revisions\/250"}],"wp:featuredmedia":[{"embeddable":true,"href":"https:\/\/www.yourhousemallorca.com\/blog\/wp-json\/wp\/v2\/media\/240"}],"wp:attachment":[{"href":"https:\/\/www.yourhousemallorca.com\/blog\/wp-json\/wp\/v2\/media?parent=192"}],"wp:term":[{"taxonomy":"category","embeddable":true,"href":"https:\/\/www.yourhousemallorca.com\/blog\/wp-json\/wp\/v2\/categories?post=192"},{"taxonomy":"post_tag","embeddable":true,"href":"https:\/\/www.yourhousemallorca.com\/blog\/wp-json\/wp\/v2\/tags?post=192"}],"curies":[{"name":"wp","href":"https:\/\/api.w.org\/{rel}","templated":true}]}}