{"id":403,"date":"2024-03-20T17:04:33","date_gmt":"2024-03-20T17:04:33","guid":{"rendered":"https:\/\/www.yourhousemallorca.com\/blog\/?p=403"},"modified":"2024-03-28T14:21:52","modified_gmt":"2024-03-28T14:21:52","slug":"mallorca-en-mayo","status":"publish","type":"post","link":"https:\/\/www.yourhousemallorca.com\/blog\/mallorca-en-mayo\/","title":{"rendered":"Mallorca en Mayo, un Para\u00edso Mediterr\u00e1neo"},"content":{"rendered":"\t\t<div data-elementor-type=\"wp-post\" data-elementor-id=\"403\" class=\"elementor elementor-403\" data-elementor-post-type=\"post\">\n\t\t\t\t\t\t\t<div class=\"elementor-element elementor-element-2f354577 e-flex e-con-boxed e-con e-parent\" data-id=\"2f354577\" data-element_type=\"container\" data-settings=\"{&quot;content_width&quot;:&quot;boxed&quot;}\" data-core-v316-plus=\"true\">\n\t\t\t\t\t<div class=\"e-con-inner\">\n\t\t\t\t<div class=\"elementor-element elementor-element-2a33455f elementor-widget elementor-widget-text-editor\" data-id=\"2a33455f\" data-element_type=\"widget\" data-widget_type=\"text-editor.default\">\n\t\t\t\t<div class=\"elementor-widget-container\">\n\t\t\t<style>\/*! elementor - v3.18.0 - 20-12-2023 *\/\n.elementor-widget-text-editor.elementor-drop-cap-view-stacked .elementor-drop-cap{background-color:#69727d;color:#fff}.elementor-widget-text-editor.elementor-drop-cap-view-framed .elementor-drop-cap{color:#69727d;border:3px solid;background-color:transparent}.elementor-widget-text-editor:not(.elementor-drop-cap-view-default) .elementor-drop-cap{margin-top:8px}.elementor-widget-text-editor:not(.elementor-drop-cap-view-default) .elementor-drop-cap-letter{width:1em;height:1em}.elementor-widget-text-editor .elementor-drop-cap{float:left;text-align:center;line-height:1;font-size:50px}.elementor-widget-text-editor .elementor-drop-cap-letter{display:inline-block}<\/style>\t\t\t\t<p><span style=\"font-weight: 400;\">\u00bfMerece la pena visitar Mallorca en Mayo? Esta es una pregunta muy com\u00fan y tiene una respuesta muy sencilla: \u00a1sin duda! <strong>El tiempo en Mallorca en Mayo es muy agradable, con calor y baja probabilidad de lluvia<\/strong>, y esto significa que podr\u00e1s hacer las mismas actividades que si visitas en verano. Por otro lado, <strong>evitar\u00e1s las masificaciones t\u00edpicas de los meses de Junio, Julio y Agosto<\/strong>, lo que te permitir\u00e1 explorar la isla a tu ritmo y sin estr\u00e9s. Te damos m\u00e1s motivos de peso, \u00a1sigue leyendo!<\/span><\/p>\t\t\t\t\t\t<\/div>\n\t\t\t\t<\/div>\n\t\t\t\t\t<\/div>\n\t\t\t\t<\/div>\n\t\t<div class=\"elementor-element elementor-element-4b4362ab e-flex e-con-boxed e-con e-parent\" data-id=\"4b4362ab\" data-element_type=\"container\" data-settings=\"{&quot;content_width&quot;:&quot;boxed&quot;}\" data-core-v316-plus=\"true\">\n\t\t\t\t\t<div class=\"e-con-inner\">\n\t\t\t\t<div class=\"elementor-element elementor-element-3c3ed6db elementor-widget elementor-widget-heading\" data-id=\"3c3ed6db\" data-element_type=\"widget\" data-widget_type=\"heading.default\">\n\t\t\t\t<div class=\"elementor-widget-container\">\n\t\t\t<style>\/*! elementor - v3.18.0 - 20-12-2023 *\/\n.elementor-heading-title{padding:0;margin:0;line-height:1}.elementor-widget-heading .elementor-heading-title[class*=elementor-size-]>a{color:inherit;font-size:inherit;line-height:inherit}.elementor-widget-heading .elementor-heading-title.elementor-size-small{font-size:15px}.elementor-widget-heading .elementor-heading-title.elementor-size-medium{font-size:19px}.elementor-widget-heading .elementor-heading-title.elementor-size-large{font-size:29px}.elementor-widget-heading .elementor-heading-title.elementor-size-xl{font-size:39px}.elementor-widget-heading .elementor-heading-title.elementor-size-xxl{font-size:59px}<\/style><h2 class=\"elementor-heading-title elementor-size-default\">Mallorca en Mayo tiene un Clima Primaveral Perfecto<\/h2>\t\t<\/div>\n\t\t\t\t<\/div>\n\t\t\t\t<div class=\"elementor-element elementor-element-29229ee5 elementor-widget elementor-widget-text-editor\" data-id=\"29229ee5\" data-element_type=\"widget\" data-widget_type=\"text-editor.default\">\n\t\t\t\t<div class=\"elementor-widget-container\">\n\t\t\t\t\t\t\t<p><span style=\"font-weight: 400;\">El clima mediterr\u00e1neo es fant\u00e1stico, incluso en primavera, y <strong>la isla de Mallorca en Mayo ofrece las condiciones perfectas para actividades al aire libre<\/strong>, como rutas de senderismo, deportes acu\u00e1ticos e incluso disfrutar de las playas y calas de ensue\u00f1o. La <strong>temperatura media es de 19 \u00baC<\/strong>, con una humedad del 65%, aproximadamente. <strong>No suele hacer viento<\/strong> muy intenso en esta \u00e9poca, y la lluvia es una ocurrencia rara. S\u00famale una <strong>temperatura del agua que ronda los 18 \u00baC<\/strong> y tienes un conjunto de condiciones perfectas para vivir Mallorca al m\u00e1ximo.<\/span><\/p>\t\t\t\t\t\t<\/div>\n\t\t\t\t<\/div>\n\t\t\t\t<div class=\"elementor-element elementor-element-563f5a8 elementor-widget elementor-widget-image\" data-id=\"563f5a8\" data-element_type=\"widget\" data-widget_type=\"image.default\">\n\t\t\t\t<div class=\"elementor-widget-container\">\n\t\t\t<style>\/*! elementor - v3.18.0 - 20-12-2023 *\/\n.elementor-widget-image{text-align:center}.elementor-widget-image a{display:inline-block}.elementor-widget-image a img[src$=\".svg\"]{width:48px}.elementor-widget-image img{vertical-align:middle;display:inline-block}<\/style>\t\t\t\t\t\t\t\t\t\t\t\t<img fetchpriority=\"high\" decoding=\"async\" width=\"1200\" height=\"500\" src=\"https:\/\/www.yourhousemallorca.com\/blog\/wp-content\/uploads\/2024\/03\/mallorca-mayo-cala.jpg\" class=\"attachment-1536x1536 size-1536x1536 wp-image-472\" alt=\"Cala de Mallorca en Mayo\" srcset=\"https:\/\/www.yourhousemallorca.com\/blog\/wp-content\/uploads\/2024\/03\/mallorca-mayo-cala.jpg 1200w, https:\/\/www.yourhousemallorca.com\/blog\/wp-content\/uploads\/2024\/03\/mallorca-mayo-cala-768x320.jpg 768w\" sizes=\"(max-width: 1200px) 100vw, 1200px\" \/>\t\t\t\t\t\t\t\t\t\t\t\t\t\t\t<\/div>\n\t\t\t\t<\/div>\n\t\t\t\t\t<\/div>\n\t\t\t\t<\/div>\n\t\t<div class=\"elementor-element elementor-element-301eacf e-flex e-con-boxed e-con e-parent\" data-id=\"301eacf\" data-element_type=\"container\" data-settings=\"{&quot;content_width&quot;:&quot;boxed&quot;}\" data-core-v316-plus=\"true\">\n\t\t\t\t\t<div class=\"e-con-inner\">\n\t\t\t\t<div class=\"elementor-element elementor-element-8b796a5 elementor-widget elementor-widget-heading\" data-id=\"8b796a5\" data-element_type=\"widget\" data-widget_type=\"heading.default\">\n\t\t\t\t<div class=\"elementor-widget-container\">\n\t\t\t<h2 class=\"elementor-heading-title elementor-size-default\">Playas Paradis\u00edacas sin Masificaciones<\/h2>\t\t<\/div>\n\t\t\t\t<\/div>\n\t\t\t\t<div class=\"elementor-element elementor-element-1c630ab elementor-widget elementor-widget-text-editor\" data-id=\"1c630ab\" data-element_type=\"widget\" data-widget_type=\"text-editor.default\">\n\t\t\t\t<div class=\"elementor-widget-container\">\n\t\t\t\t\t\t\t<p><span style=\"font-weight: 400;\">Una de las principales ventajas de visitar Mallorca en mayo es <strong>evitar las \u00e9pocas de mayor turismo<\/strong>, que son los meses de verano. As\u00ed, podr\u00e1s <strong>visitar calas que suelen estar abarrotadas<\/strong> en junio, julio y agosto, entrar en los mejores clubs sin hacer una cola demasiado larga y <strong>comer en los mejores restaurantes sin necesidad de efectuar una reserva<\/strong> previa.\u00a0<\/span><\/p><p><span style=\"font-weight: 400;\">Otro de los problemas que vas a <strong>evitar al visitar Mallorca en Mayo es la cuesti\u00f3n del aparcamiento<\/strong>, que es bastante escaso, especialmente en las zonas cercanas a las calas m\u00e1s concurridas. Lo m\u00e1s com\u00fan es que tengas que aparcar un poco lejos y hacer el resto del recorrido a pie, pero incluso en los meses de verano esto puede ser dif\u00edcil si no llegas muy pronto por la ma\u00f1ana.<\/span><\/p>\t\t\t\t\t\t<\/div>\n\t\t\t\t<\/div>\n\t\t\t\t<div class=\"elementor-element elementor-element-ba1fc24 elementor-widget elementor-widget-image\" data-id=\"ba1fc24\" data-element_type=\"widget\" data-widget_type=\"image.default\">\n\t\t\t\t<div class=\"elementor-widget-container\">\n\t\t\t\t\t\t\t\t\t\t\t\t\t\t\t<img decoding=\"async\" width=\"751\" height=\"313\" src=\"https:\/\/www.yourhousemallorca.com\/blog\/wp-content\/uploads\/2024\/03\/cala-mallorca-en-mayo-sin-gente.jpg\" class=\"attachment-large size-large wp-image-475\" alt=\"Cala de Mallorca en Mayo sin gente\" srcset=\"https:\/\/www.yourhousemallorca.com\/blog\/wp-content\/uploads\/2024\/03\/cala-mallorca-en-mayo-sin-gente.jpg 1200w, https:\/\/www.yourhousemallorca.com\/blog\/wp-content\/uploads\/2024\/03\/cala-mallorca-en-mayo-sin-gente-768x320.jpg 768w\" sizes=\"(max-width: 751px) 100vw, 751px\" \/>\t\t\t\t\t\t\t\t\t\t\t\t\t\t\t<\/div>\n\t\t\t\t<\/div>\n\t\t\t\t\t<\/div>\n\t\t\t\t<\/div>\n\t\t<div class=\"elementor-element elementor-element-5e676ee e-flex e-con-boxed e-con e-parent\" data-id=\"5e676ee\" data-element_type=\"container\" data-settings=\"{&quot;content_width&quot;:&quot;boxed&quot;}\" data-core-v316-plus=\"true\">\n\t\t\t\t\t<div class=\"e-con-inner\">\n\t\t\t\t<div class=\"elementor-element elementor-element-c22bcb2 elementor-widget elementor-widget-heading\" data-id=\"c22bcb2\" data-element_type=\"widget\" data-widget_type=\"heading.default\">\n\t\t\t\t<div class=\"elementor-widget-container\">\n\t\t\t<h2 class=\"elementor-heading-title elementor-size-default\">Naturaleza Exuberante en Flor<\/h2>\t\t<\/div>\n\t\t\t\t<\/div>\n\t\t\t\t<div class=\"elementor-element elementor-element-6b9a971 elementor-widget elementor-widget-text-editor\" data-id=\"6b9a971\" data-element_type=\"widget\" data-widget_type=\"text-editor.default\">\n\t\t\t\t<div class=\"elementor-widget-container\">\n\t\t\t\t\t\t\t<p><span style=\"font-weight: 400;\">En plena primavera, <strong>Mallorca est\u00e1 en el auge de su belleza<\/strong>. Las magn\u00edficas playas con <strong>puestas de sol fotog\u00e9nicas<\/strong>, las calas con <strong>aguas turquesas<\/strong> transparentes y tranquilas, la monta\u00f1a y el <strong>campo con su naturaleza verde<\/strong>: todo tiene m\u00e1s encanto en Mayo. Y lo mejor es que podr\u00e1s disfrutar de todo esto con total la tranquilidad. Aprovecha el tiempo en Mallorca de pre verano y no te arrepentir\u00e1s.<\/span><\/p><p><span style=\"font-weight: 400;\">Si te interesa descubrir la flora de Mallorca, Mayo es la \u00e9poca perfecta. Con las temperaturas agradables de la primavera, <strong>muchas plantas y \u00e1rboles florecen en la isla<\/strong>: buganvillas, hibiscos, rosas, lavanda o geranios son algunas de las flores que decoran muchos espacios de la isla, tanto p\u00fablicos como privados. Los \u00e1rboles que podr\u00e1s apreciar en Mallorca son: almendros, naranjos, cerezos, granados y olivos, entre otros.<\/span><\/p>\t\t\t\t\t\t<\/div>\n\t\t\t\t<\/div>\n\t\t\t\t\t<\/div>\n\t\t\t\t<\/div>\n\t\t<div class=\"elementor-element elementor-element-c6a37cb e-flex e-con-boxed e-con e-parent\" data-id=\"c6a37cb\" data-element_type=\"container\" data-settings=\"{&quot;content_width&quot;:&quot;boxed&quot;}\" data-core-v316-plus=\"true\">\n\t\t\t\t\t<div class=\"e-con-inner\">\n\t\t<div class=\"elementor-element elementor-element-423caa6 e-con-full e-flex e-con e-child\" data-id=\"423caa6\" data-element_type=\"container\" data-settings=\"{&quot;content_width&quot;:&quot;full&quot;}\">\n\t\t\t\t<div class=\"elementor-element elementor-element-3e8628a elementor-widget elementor-widget-image\" data-id=\"3e8628a\" data-element_type=\"widget\" data-widget_type=\"image.default\">\n\t\t\t\t<div class=\"elementor-widget-container\">\n\t\t\t\t\t\t\t\t\t\t\t\t\t\t\t<img decoding=\"async\" width=\"600\" height=\"400\" src=\"https:\/\/www.yourhousemallorca.com\/blog\/wp-content\/uploads\/2024\/03\/lavanda-mallorca-mayo.jpg\" class=\"attachment-large size-large wp-image-487\" alt=\"\" \/>\t\t\t\t\t\t\t\t\t\t\t\t\t\t\t<\/div>\n\t\t\t\t<\/div>\n\t\t\t\t<\/div>\n\t\t<div class=\"elementor-element elementor-element-a51fe44 e-con-full e-flex e-con e-child\" data-id=\"a51fe44\" data-element_type=\"container\" data-settings=\"{&quot;content_width&quot;:&quot;full&quot;}\">\n\t\t\t\t<div class=\"elementor-element elementor-element-9db57f7 elementor-widget elementor-widget-image\" data-id=\"9db57f7\" data-element_type=\"widget\" data-widget_type=\"image.default\">\n\t\t\t\t<div class=\"elementor-widget-container\">\n\t\t\t\t\t\t\t\t\t\t\t\t\t\t\t<img loading=\"lazy\" decoding=\"async\" width=\"600\" height=\"400\" src=\"https:\/\/www.yourhousemallorca.com\/blog\/wp-content\/uploads\/2024\/03\/Mallorca-mayo-primavera-bugambilla.jpg\" class=\"attachment-large size-large wp-image-484\" alt=\"Mallorca en floraci\u00f3n durante el mes de mayo\" \/>\t\t\t\t\t\t\t\t\t\t\t\t\t\t\t<\/div>\n\t\t\t\t<\/div>\n\t\t\t\t<\/div>\n\t\t<div class=\"elementor-element elementor-element-4ea7995 e-con-full e-flex e-con e-child\" data-id=\"4ea7995\" data-element_type=\"container\" data-settings=\"{&quot;content_width&quot;:&quot;full&quot;}\">\n\t\t\t\t<div class=\"elementor-element elementor-element-08e61ae elementor-widget elementor-widget-image\" data-id=\"08e61ae\" data-element_type=\"widget\" data-widget_type=\"image.default\">\n\t\t\t\t<div class=\"elementor-widget-container\">\n\t\t\t\t\t\t\t\t\t\t\t\t\t\t\t<img loading=\"lazy\" decoding=\"async\" width=\"600\" height=\"400\" src=\"https:\/\/www.yourhousemallorca.com\/blog\/wp-content\/uploads\/2024\/03\/mallorca-mallo-primavera-flores.jpg\" class=\"attachment-large size-large wp-image-481\" alt=\"Primavera y Mayo en Mallorca florecida\" \/>\t\t\t\t\t\t\t\t\t\t\t\t\t\t\t<\/div>\n\t\t\t\t<\/div>\n\t\t\t\t<\/div>\n\t\t\t\t\t<\/div>\n\t\t\t\t<\/div>\n\t\t<div class=\"elementor-element elementor-element-3655bee e-flex e-con-boxed e-con e-parent\" data-id=\"3655bee\" data-element_type=\"container\" data-settings=\"{&quot;content_width&quot;:&quot;boxed&quot;}\" data-core-v316-plus=\"true\">\n\t\t\t\t\t<div class=\"e-con-inner\">\n\t\t\t\t<div class=\"elementor-element elementor-element-6c01d01 elementor-widget elementor-widget-heading\" data-id=\"6c01d01\" data-element_type=\"widget\" data-widget_type=\"heading.default\">\n\t\t\t\t<div class=\"elementor-widget-container\">\n\t\t\t<h2 class=\"elementor-heading-title elementor-size-default\">\u00bfQu\u00e9 Visitar en Mallorca en Mayo?<\/h2>\t\t<\/div>\n\t\t\t\t<\/div>\n\t\t\t\t<div class=\"elementor-element elementor-element-badb73d elementor-widget elementor-widget-text-editor\" data-id=\"badb73d\" data-element_type=\"widget\" data-widget_type=\"text-editor.default\">\n\t\t\t\t<div class=\"elementor-widget-container\">\n\t\t\t\t\t\t\t<p><span style=\"font-weight: 400;\">En esta \u00e9poca del a\u00f1o podr\u00e1s visitar toda la isla y disfrutar de todas las actividades que son posibles en este pedazo de para\u00edso. Aqu\u00ed te damos algunas ideas:<\/span><\/p>\t\t\t\t\t\t<\/div>\n\t\t\t\t<\/div>\n\t\t\t\t\t<\/div>\n\t\t\t\t<\/div>\n\t\t<div class=\"elementor-element elementor-element-6371b07 e-flex e-con-boxed e-con e-parent\" data-id=\"6371b07\" data-element_type=\"container\" data-settings=\"{&quot;content_width&quot;:&quot;boxed&quot;}\" data-core-v316-plus=\"true\">\n\t\t\t\t\t<div class=\"e-con-inner\">\n\t\t<div class=\"elementor-element elementor-element-16195af e-con-full e-flex e-con e-child\" data-id=\"16195af\" data-element_type=\"container\" data-settings=\"{&quot;content_width&quot;:&quot;full&quot;}\">\n\t\t\t\t<div class=\"elementor-element elementor-element-2d01adc elementor-widget elementor-widget-text-editor\" data-id=\"2d01adc\" data-element_type=\"widget\" data-widget_type=\"text-editor.default\">\n\t\t\t\t<div class=\"elementor-widget-container\">\n\t\t\t\t\t\t\t<p><span style=\"font-weight: 400;\"><strong>Excursi\u00f3n en barco a Sa Calobra<\/strong>: esta cala ic\u00f3nica de Mallorca merece sin duda una visita, y llegar en barco ofrece una perspectiva fant\u00e1stica de este lugar. Al salir de Puerto de S\u00f3ller, tendr\u00e1s la oportunidad de ver paisajes \u00fanicos en la costa: combinaciones visuales de mar y monta\u00f1a que te enamorar\u00e1n. Despu\u00e9s, completa tu experiencia con un chapuz\u00f3n en las aguas de Sa Calobra.\u00a0<\/span><\/p>\t\t\t\t\t\t<\/div>\n\t\t\t\t<\/div>\n\t\t\t\t<\/div>\n\t\t<div class=\"elementor-element elementor-element-1f4adcd e-con-full e-flex e-con e-child\" data-id=\"1f4adcd\" data-element_type=\"container\" data-settings=\"{&quot;content_width&quot;:&quot;full&quot;}\">\n\t\t\t\t<div class=\"elementor-element elementor-element-5056fe4 elementor-widget elementor-widget-image\" data-id=\"5056fe4\" data-element_type=\"widget\" data-widget_type=\"image.default\">\n\t\t\t\t<div class=\"elementor-widget-container\">\n\t\t\t\t\t\t\t\t\t\t\t\t\t\t\t<img loading=\"lazy\" decoding=\"async\" width=\"751\" height=\"500\" src=\"https:\/\/www.yourhousemallorca.com\/blog\/wp-content\/uploads\/2024\/03\/Sa-Calobra-Mallorca-en-Mayo.jpg\" class=\"attachment-large size-large wp-image-499\" alt=\"Sa Calobra vac\u00eda en Mayo\" srcset=\"https:\/\/www.yourhousemallorca.com\/blog\/wp-content\/uploads\/2024\/03\/Sa-Calobra-Mallorca-en-Mayo.jpg 790w, https:\/\/www.yourhousemallorca.com\/blog\/wp-content\/uploads\/2024\/03\/Sa-Calobra-Mallorca-en-Mayo-768x511.jpg 768w\" sizes=\"(max-width: 751px) 100vw, 751px\" \/>\t\t\t\t\t\t\t\t\t\t\t\t\t\t\t<\/div>\n\t\t\t\t<\/div>\n\t\t\t\t<\/div>\n\t\t\t\t\t<\/div>\n\t\t\t\t<\/div>\n\t\t<div class=\"elementor-element elementor-element-1007f79 e-flex e-con-boxed e-con e-parent\" data-id=\"1007f79\" data-element_type=\"container\" data-settings=\"{&quot;content_width&quot;:&quot;boxed&quot;}\" data-core-v316-plus=\"true\">\n\t\t\t\t\t<div class=\"e-con-inner\">\n\t\t<div class=\"elementor-element elementor-element-6b3a6f5 e-con-full e-flex e-con e-child\" data-id=\"6b3a6f5\" data-element_type=\"container\" data-settings=\"{&quot;content_width&quot;:&quot;full&quot;}\">\n\t\t\t\t<div class=\"elementor-element elementor-element-e19c933 elementor-widget elementor-widget-text-editor\" data-id=\"e19c933\" data-element_type=\"widget\" data-widget_type=\"text-editor.default\">\n\t\t\t\t<div class=\"elementor-widget-container\">\n\t\t\t\t\t\t\t<p><span style=\"font-weight: 400;\"><strong>Excursi\u00f3n a las cuevas del Drach<\/strong>: puedes visitar estas cuevas m\u00edticas a trav\u00e9s de un recorrido con 1.200 metros, donde ver\u00e1s miles de estalactitas y estalagmitas, viajando a unos 25 metros de profundidad. Dentro de las cuevas existen varios lagos y la visita incluye un concierto de m\u00fasica en directo y un peque\u00f1o viaje en barco.<\/span><\/p>\t\t\t\t\t\t<\/div>\n\t\t\t\t<\/div>\n\t\t\t\t<\/div>\n\t\t<div class=\"elementor-element elementor-element-3eb2bf6 e-con-full e-flex e-con e-child\" data-id=\"3eb2bf6\" data-element_type=\"container\" data-settings=\"{&quot;content_width&quot;:&quot;full&quot;}\">\n\t\t\t\t<div class=\"elementor-element elementor-element-7fd3954 elementor-widget elementor-widget-image\" data-id=\"7fd3954\" data-element_type=\"widget\" data-widget_type=\"image.default\">\n\t\t\t\t<div class=\"elementor-widget-container\">\n\t\t\t\t\t\t\t\t\t\t\t\t\t\t\t<img loading=\"lazy\" decoding=\"async\" width=\"751\" height=\"500\" src=\"https:\/\/www.yourhousemallorca.com\/blog\/wp-content\/uploads\/2024\/03\/cuevas-drach-Mallorca-en-Mayo.jpg\" class=\"attachment-large size-large wp-image-496\" alt=\"Cuevas del Drach en Mallorca\" srcset=\"https:\/\/www.yourhousemallorca.com\/blog\/wp-content\/uploads\/2024\/03\/cuevas-drach-Mallorca-en-Mayo.jpg 790w, https:\/\/www.yourhousemallorca.com\/blog\/wp-content\/uploads\/2024\/03\/cuevas-drach-Mallorca-en-Mayo-768x511.jpg 768w\" sizes=\"(max-width: 751px) 100vw, 751px\" \/>\t\t\t\t\t\t\t\t\t\t\t\t\t\t\t<\/div>\n\t\t\t\t<\/div>\n\t\t\t\t<\/div>\n\t\t\t\t\t<\/div>\n\t\t\t\t<\/div>\n\t\t<div class=\"elementor-element elementor-element-7c33133 e-flex e-con-boxed e-con e-parent\" data-id=\"7c33133\" data-element_type=\"container\" data-settings=\"{&quot;content_width&quot;:&quot;boxed&quot;}\" data-core-v316-plus=\"true\">\n\t\t\t\t\t<div class=\"e-con-inner\">\n\t\t<div class=\"elementor-element elementor-element-cf69bd1 e-con-full e-flex e-con e-child\" data-id=\"cf69bd1\" data-element_type=\"container\" data-settings=\"{&quot;content_width&quot;:&quot;full&quot;}\">\n\t\t\t\t<div class=\"elementor-element elementor-element-084a1b7 elementor-widget elementor-widget-text-editor\" data-id=\"084a1b7\" data-element_type=\"widget\" data-widget_type=\"text-editor.default\">\n\t\t\t\t<div class=\"elementor-widget-container\">\n\t\t\t\t\t\t\t<p><span style=\"font-weight: 400;\"><strong>Descubrir los vi\u00f1edos de Banyalbufar<\/strong>: s\u00ed, Mallorca tiene vi\u00f1edos, aunque su vino no sea muy reconocido. Los vi\u00f1edos junto al mar de Banyalbufar son un paisaje incre\u00edble y en la zona podr\u00e1s visitar una bodega y catar vinos fant\u00e1sticos.<\/span><\/p>\t\t\t\t\t\t<\/div>\n\t\t\t\t<\/div>\n\t\t\t\t<\/div>\n\t\t<div class=\"elementor-element elementor-element-2c9d59d e-con-full e-flex e-con e-child\" data-id=\"2c9d59d\" data-element_type=\"container\" data-settings=\"{&quot;content_width&quot;:&quot;full&quot;}\">\n\t\t\t\t<div class=\"elementor-element elementor-element-9487fb6 elementor-widget elementor-widget-image\" data-id=\"9487fb6\" data-element_type=\"widget\" data-widget_type=\"image.default\">\n\t\t\t\t<div class=\"elementor-widget-container\">\n\t\t\t\t\t\t\t\t\t\t\t\t\t\t\t<img loading=\"lazy\" decoding=\"async\" width=\"751\" height=\"500\" src=\"https:\/\/www.yourhousemallorca.com\/blog\/wp-content\/uploads\/2024\/03\/banyalbufar-Mallorca-en-Mayo.jpg\" class=\"attachment-large size-large wp-image-490\" alt=\"Banyalbufar en Mayo en la isla de Mallorca\" srcset=\"https:\/\/www.yourhousemallorca.com\/blog\/wp-content\/uploads\/2024\/03\/banyalbufar-Mallorca-en-Mayo.jpg 790w, https:\/\/www.yourhousemallorca.com\/blog\/wp-content\/uploads\/2024\/03\/banyalbufar-Mallorca-en-Mayo-768x511.jpg 768w\" sizes=\"(max-width: 751px) 100vw, 751px\" \/>\t\t\t\t\t\t\t\t\t\t\t\t\t\t\t<\/div>\n\t\t\t\t<\/div>\n\t\t\t\t<\/div>\n\t\t\t\t\t<\/div>\n\t\t\t\t<\/div>\n\t\t<div class=\"elementor-element elementor-element-85b4781 e-flex e-con-boxed e-con e-parent\" data-id=\"85b4781\" data-element_type=\"container\" data-settings=\"{&quot;content_width&quot;:&quot;boxed&quot;}\" data-core-v316-plus=\"true\">\n\t\t\t\t\t<div class=\"e-con-inner\">\n\t\t<div class=\"elementor-element elementor-element-4d3f549 e-con-full e-flex e-con e-child\" data-id=\"4d3f549\" data-element_type=\"container\" data-settings=\"{&quot;content_width&quot;:&quot;full&quot;}\">\n\t\t\t\t<div class=\"elementor-element elementor-element-f6a75e7 elementor-widget elementor-widget-text-editor\" data-id=\"f6a75e7\" data-element_type=\"widget\" data-widget_type=\"text-editor.default\">\n\t\t\t\t<div class=\"elementor-widget-container\">\n\t\t\t\t\t\t\t<p><span style=\"font-weight: 400;\"><strong>Llegar al cabo de Formentor<\/strong>: la ruta hasta el faro de Formentor es como un escenario de pel\u00edcula, con curvas y contracurvas entre rocas y cabras, y llegar al cabo es como un especie de cl\u00edmax. Un final fant\u00e1stico.<\/span><\/p>\t\t\t\t\t\t<\/div>\n\t\t\t\t<\/div>\n\t\t\t\t<\/div>\n\t\t<div class=\"elementor-element elementor-element-feee8fc e-con-full e-flex e-con e-child\" data-id=\"feee8fc\" data-element_type=\"container\" data-settings=\"{&quot;content_width&quot;:&quot;full&quot;}\">\n\t\t\t\t<div class=\"elementor-element elementor-element-520910c elementor-widget elementor-widget-image\" data-id=\"520910c\" data-element_type=\"widget\" data-widget_type=\"image.default\">\n\t\t\t\t<div class=\"elementor-widget-container\">\n\t\t\t\t\t\t\t\t\t\t\t\t\t\t\t<img loading=\"lazy\" decoding=\"async\" width=\"751\" height=\"500\" src=\"https:\/\/www.yourhousemallorca.com\/blog\/wp-content\/uploads\/2024\/03\/cap-de-formentor-Mallorca-en-Mayo.jpg\" class=\"attachment-large size-large wp-image-493\" alt=\"Atardecer en Mayo en el Cap de Formentor en Mallorca\" srcset=\"https:\/\/www.yourhousemallorca.com\/blog\/wp-content\/uploads\/2024\/03\/cap-de-formentor-Mallorca-en-Mayo.jpg 790w, https:\/\/www.yourhousemallorca.com\/blog\/wp-content\/uploads\/2024\/03\/cap-de-formentor-Mallorca-en-Mayo-768x511.jpg 768w\" sizes=\"(max-width: 751px) 100vw, 751px\" \/>\t\t\t\t\t\t\t\t\t\t\t\t\t\t\t<\/div>\n\t\t\t\t<\/div>\n\t\t\t\t<\/div>\n\t\t\t\t\t<\/div>\n\t\t\t\t<\/div>\n\t\t<div class=\"elementor-element elementor-element-5ff89f9 e-flex e-con-boxed e-con e-parent\" data-id=\"5ff89f9\" data-element_type=\"container\" data-settings=\"{&quot;content_width&quot;:&quot;boxed&quot;}\" data-core-v316-plus=\"true\">\n\t\t\t\t\t<div class=\"e-con-inner\">\n\t\t<div class=\"elementor-element elementor-element-b57b605 e-con-full e-flex e-con e-child\" data-id=\"b57b605\" data-element_type=\"container\" data-settings=\"{&quot;content_width&quot;:&quot;full&quot;}\">\n\t\t\t\t<div class=\"elementor-element elementor-element-b09c08b elementor-widget elementor-widget-text-editor\" data-id=\"b09c08b\" data-element_type=\"widget\" data-widget_type=\"text-editor.default\">\n\t\t\t\t<div class=\"elementor-widget-container\">\n\t\t\t\t\t\t\t<p><span style=\"font-weight: 400;\"><strong>Visitar las calas de Mallorca<\/strong>: las calas de Mallorca son realmente espectaculares y permiten una desconexi\u00f3n total de la vida cotidiana. Aguas turquesa, arena blanca y fina, el silencio de la naturaleza\u2026<\/span><\/p>\t\t\t\t\t\t<\/div>\n\t\t\t\t<\/div>\n\t\t\t\t<\/div>\n\t\t<div class=\"elementor-element elementor-element-6d53d8d e-con-full e-flex e-con e-child\" data-id=\"6d53d8d\" data-element_type=\"container\" data-settings=\"{&quot;content_width&quot;:&quot;full&quot;}\">\n\t\t\t\t<div class=\"elementor-element elementor-element-5c38530 elementor-widget elementor-widget-image\" data-id=\"5c38530\" data-element_type=\"widget\" data-widget_type=\"image.default\">\n\t\t\t\t<div class=\"elementor-widget-container\">\n\t\t\t\t\t\t\t\t\t\t\t\t\t\t\t<img loading=\"lazy\" decoding=\"async\" width=\"700\" height=\"411\" src=\"https:\/\/www.yourhousemallorca.com\/blog\/wp-content\/uploads\/2024\/03\/Alcudia-Ironman-Mallorca.jpg\" class=\"attachment-large size-large wp-image-442\" alt=\"Costa de Alcudia Ironman Mallorca\" \/>\t\t\t\t\t\t\t\t\t\t\t\t\t\t\t<\/div>\n\t\t\t\t<\/div>\n\t\t\t\t<\/div>\n\t\t\t\t\t<\/div>\n\t\t\t\t<\/div>\n\t\t<div class=\"elementor-element elementor-element-89b1559 e-flex e-con-boxed e-con e-parent\" data-id=\"89b1559\" data-element_type=\"container\" data-settings=\"{&quot;content_width&quot;:&quot;boxed&quot;}\" data-core-v316-plus=\"true\">\n\t\t\t\t\t<div class=\"e-con-inner\">\n\t\t\t\t<div class=\"elementor-element elementor-element-250a3a5 elementor-widget elementor-widget-heading\" data-id=\"250a3a5\" data-element_type=\"widget\" data-widget_type=\"heading.default\">\n\t\t\t\t<div class=\"elementor-widget-container\">\n\t\t\t<h2 class=\"elementor-heading-title elementor-size-default\">Gastronom\u00eda Mallorquina para Deleitar el Paladar<\/h2>\t\t<\/div>\n\t\t\t\t<\/div>\n\t\t\t\t<div class=\"elementor-element elementor-element-703e745 elementor-widget elementor-widget-text-editor\" data-id=\"703e745\" data-element_type=\"widget\" data-widget_type=\"text-editor.default\">\n\t\t\t\t<div class=\"elementor-widget-container\">\n\t\t\t\t\t\t\t<p><span style=\"font-weight: 400;\">La <strong>gastronom\u00eda mallorquina tiene platos delicioso para todas las \u00e9pocas del a\u00f1o<\/strong> y para todos los momentos del d\u00eda, pero aqu\u00ed te daremos algunas sugerencias perfectas para el calor:<\/span><\/p><ul><li style=\"font-weight: 400;\" aria-level=\"1\"><span style=\"font-weight: 400;\"><strong>Tremp\u00f3<\/strong>: una ensalada de verano con tomate, pimiento, cebolla, AOVE y sal. Sencilla y perfecta. Podr\u00e1s encontrar versiones con at\u00fan, higos o alcaparras.\u00a0<\/span><\/li><li style=\"font-weight: 400;\" aria-level=\"1\"><span style=\"font-weight: 400;\"><strong>Tumbet<\/strong>: capas alternas de berenjena frita, pimiento frito y patatas fritas, todo cubierto con salsa de tomate. Se puede a\u00f1adir carne, huevo y otras hortalizas.\u00a0<\/span><\/li><li style=\"font-weight: 400;\" aria-level=\"1\"><span style=\"font-weight: 400;\"><strong>Escudella fresca<\/strong>: este plato de cuchara que se come templado, y por eso es adecuado para los d\u00edas calientes, combina jud\u00edas pintas, calabac\u00edn, tomate y patata.<\/span><\/li><li style=\"font-weight: 400;\" aria-level=\"1\"><span style=\"font-weight: 400;\"><strong>Pescado en escabeche<\/strong>: se puede hacer con muchas especies de pez, y es tan sencillo como sumergirlo en vinagre y aceite. Luego ya se puede combinar con verduras para crear una ensalada deliciosa o comer con unas patatas al lado.<\/span><\/li><\/ul><p><span style=\"font-weight: 400;\">Existen muchos m\u00e1s platos que debes probar en Mallorca, as\u00ed que te recomendamos que pruebes y descubras los placeres de la gastronom\u00eda mallorquina.<\/span><\/p>\t\t\t\t\t\t<\/div>\n\t\t\t\t<\/div>\n\t\t\t\t\t<\/div>\n\t\t\t\t<\/div>\n\t\t<div class=\"elementor-element elementor-element-d536efb e-flex e-con-boxed e-con e-parent\" data-id=\"d536efb\" data-element_type=\"container\" data-settings=\"{&quot;content_width&quot;:&quot;boxed&quot;}\" data-core-v316-plus=\"true\">\n\t\t\t\t\t<div class=\"e-con-inner\">\n\t\t\t\t<div class=\"elementor-element elementor-element-d3fcdf8 elementor-widget elementor-widget-heading\" data-id=\"d3fcdf8\" data-element_type=\"widget\" data-widget_type=\"heading.default\">\n\t\t\t\t<div class=\"elementor-widget-container\">\n\t\t\t<h2 class=\"elementor-heading-title elementor-size-default\">Fiestas y Eventos para Todos los Gustos<\/h2>\t\t<\/div>\n\t\t\t\t<\/div>\n\t\t\t\t<div class=\"elementor-element elementor-element-1e1e614 elementor-widget elementor-widget-text-editor\" data-id=\"1e1e614\" data-element_type=\"widget\" data-widget_type=\"text-editor.default\">\n\t\t\t\t<div class=\"elementor-widget-container\">\n\t\t\t\t\t\t\t<p><span style=\"font-weight: 400;\">Existen muchas festividades primaverales en la isla, y si viajas por sus pueblos encontrar\u00e1s muchos eventos interesantes. Descubre aqu\u00ed dos de los eventos m\u00e1s relevantes en mayo en Mallorca:<\/span><\/p><ul><li style=\"font-weight: 400;\" aria-level=\"1\"><span style=\"font-weight: 400;\"><strong>Festa de es Fir\u00f3 de S\u00f3ller<\/strong>: esta fiesta popular merece sin duda la pena, ya que es una peque\u00f1a locura de baile, m\u00fasica, vino y fuegos artificiales. Aqu\u00ed se celebra la defensa de esta regi\u00f3n contra los musulmanes, e incluye la recreaci\u00f3n de ese momento hist\u00f3rico.<\/span><\/li><li style=\"font-weight: 400;\" aria-level=\"1\"><span style=\"font-weight: 400;\"><strong>Fira del Caragol de Sant Jordi<\/strong>: la feria del caracol es un homenaje a este ingrediente que genera reacciones muchas veces dispares. Unas 15.000 personas se re\u00fanen en Palma cada a\u00f1o para disfrutar de varias recetas preparadas con caracoles: \u00a1el a\u00f1o pasado se han comido unos 650 kilos!<\/span><\/li><\/ul>\t\t\t\t\t\t<\/div>\n\t\t\t\t<\/div>\n\t\t\t\t<div class=\"elementor-element elementor-element-047fdb6 elementor-widget elementor-widget-image\" data-id=\"047fdb6\" data-element_type=\"widget\" data-widget_type=\"image.default\">\n\t\t\t\t<div class=\"elementor-widget-container\">\n\t\t\t\t\t\t\t\t\t\t\t\t\t\t\t<img loading=\"lazy\" decoding=\"async\" width=\"751\" height=\"313\" src=\"https:\/\/www.yourhousemallorca.com\/blog\/wp-content\/uploads\/2024\/03\/fiestas-mayo-mallorca-firo-soller.jpg\" class=\"attachment-large size-large wp-image-502\" alt=\"Fir\u00f3 de Soller, fiesta en Mayo de Mallorca\" srcset=\"https:\/\/www.yourhousemallorca.com\/blog\/wp-content\/uploads\/2024\/03\/fiestas-mayo-mallorca-firo-soller.jpg 1200w, https:\/\/www.yourhousemallorca.com\/blog\/wp-content\/uploads\/2024\/03\/fiestas-mayo-mallorca-firo-soller-768x320.jpg 768w\" sizes=\"(max-width: 751px) 100vw, 751px\" \/>\t\t\t\t\t\t\t\t\t\t\t\t\t\t\t<\/div>\n\t\t\t\t<\/div>\n\t\t\t\t\t<\/div>\n\t\t\t\t<\/div>\n\t\t<div class=\"elementor-element elementor-element-7b31f495 e-flex e-con-boxed e-con e-parent\" data-id=\"7b31f495\" data-element_type=\"container\" data-settings=\"{&quot;content_width&quot;:&quot;boxed&quot;}\" data-core-v316-plus=\"true\">\n\t\t\t\t\t<div class=\"e-con-inner\">\n\t\t\t\t<div class=\"elementor-element elementor-element-665d9a9d elementor-widget elementor-widget-heading\" data-id=\"665d9a9d\" data-element_type=\"widget\" data-widget_type=\"heading.default\">\n\t\t\t\t<div class=\"elementor-widget-container\">\n\t\t\t<h2 class=\"elementor-heading-title elementor-size-default\">Visita Mallorca en Mayo y Disfruta al M\u00e1ximo<\/h2>\t\t<\/div>\n\t\t\t\t<\/div>\n\t\t\t\t<div class=\"elementor-element elementor-element-473f2771 elementor-widget elementor-widget-text-editor\" data-id=\"473f2771\" data-element_type=\"widget\" data-widget_type=\"text-editor.default\">\n\t\t\t\t<div class=\"elementor-widget-container\">\n\t\t\t\t\t\t\t<p><span style=\"font-weight: 400;\">En resumen <strong>Mayo puede ser el mes perfecto para explorar Mallorca<\/strong> y disfrutar de todo lo que esta isla tiene para ofrecer, as\u00ed que ya no tienes excusa para no planear tu pr\u00f3ximo viaje fuera de temporada alta. Menos gente, menos colas, m\u00e1s tranquilidad y m\u00e1s naturaleza solo para ti. <\/span><\/p><p><span style=\"font-weight: 400;\">Adem\u00e1s te damos <strong>la guinda del pastel, los alojamientos son bastante m\u00e1s baratos<\/strong><\/span><span style=\"font-weight: 400;\">. Apartamentos, casas rurales, villas y fincas, para grupos grandes y peque\u00f1os. Tus pr\u00f3ximas vacaciones de ensue\u00f1o est\u00e1n aqu\u00ed, a pocos clics y al mejor precio con Your House Group.\u00a0<\/span><\/p>\t\t\t\t\t\t<\/div>\n\t\t\t\t<\/div>\n\t\t\t\t\t<\/div>\n\t\t\t\t<\/div>\n\t\t<div class=\"elementor-element elementor-element-133a3b56 e-flex e-con-boxed e-con e-parent\" data-id=\"133a3b56\" data-element_type=\"container\" data-settings=\"{&quot;content_width&quot;:&quot;boxed&quot;}\" data-core-v316-plus=\"true\">\n\t\t\t\t\t<div class=\"e-con-inner\">\n\t\t<div class=\"elementor-element elementor-element-25556722 e-con-full e-flex e-con e-child\" data-id=\"25556722\" data-element_type=\"container\" data-settings=\"{&quot;content_width&quot;:&quot;full&quot;,&quot;background_background&quot;:&quot;classic&quot;}\">\n\t\t\t\t<div class=\"elementor-element elementor-element-3743059d elementor-widget elementor-widget-heading\" data-id=\"3743059d\" data-element_type=\"widget\" data-widget_type=\"heading.default\">\n\t\t\t\t<div class=\"elementor-widget-container\">\n\t\t\t<h2 class=\"elementor-heading-title elementor-size-default\"><a href=\"https:\/\/www.yourhousemallorca.com\/alquiler\/apartamentos-mallorca-c1e21\/\">Apartamentos<\/a><\/h2>\t\t<\/div>\n\t\t\t\t<\/div>\n\t\t\t\t<\/div>\n\t\t<div class=\"elementor-element elementor-element-493082c7 e-con-full e-flex e-con e-child\" data-id=\"493082c7\" data-element_type=\"container\" data-settings=\"{&quot;content_width&quot;:&quot;full&quot;,&quot;background_background&quot;:&quot;classic&quot;}\">\n\t\t\t\t<div class=\"elementor-element elementor-element-591cf210 elementor-widget elementor-widget-heading\" data-id=\"591cf210\" data-element_type=\"widget\" data-widget_type=\"heading.default\">\n\t\t\t\t<div class=\"elementor-widget-container\">\n\t\t\t<h2 class=\"elementor-heading-title elementor-size-default\"><a href=\"https:\/\/www.yourhousemallorca.com\/alquiler\/casas-mallorca-c19e21\/\">Casas<\/a><\/h2>\t\t<\/div>\n\t\t\t\t<\/div>\n\t\t\t\t<\/div>\n\t\t<div class=\"elementor-element elementor-element-1d82e221 e-con-full e-flex e-con e-child\" data-id=\"1d82e221\" data-element_type=\"container\" data-settings=\"{&quot;content_width&quot;:&quot;full&quot;,&quot;background_background&quot;:&quot;classic&quot;}\">\n\t\t\t\t<div class=\"elementor-element elementor-element-6e6f1c37 elementor-widget elementor-widget-heading\" data-id=\"6e6f1c37\" data-element_type=\"widget\" data-widget_type=\"heading.default\">\n\t\t\t\t<div class=\"elementor-widget-container\">\n\t\t\t<h2 class=\"elementor-heading-title elementor-size-default\"><a href=\"https:\/\/www.yourhousemallorca.com\/alquiler\/villas-mallorca-c2e21\/\">Villas<\/a><\/h2>\t\t<\/div>\n\t\t\t\t<\/div>\n\t\t\t\t<\/div>\n\t\t\t\t\t<\/div>\n\t\t\t\t<\/div>\n\t\t\t\t\t\t\t<\/div>\n\t\t","protected":false},"excerpt":{"rendered":"<p>\u00bfMerece la pena visitar Mallorca en Mayo? Esta es una pregunta muy com\u00fan y tiene una respuesta muy sencilla: \u00a1sin&#8230;<\/p>\n","protected":false},"author":6,"featured_media":468,"comment_status":"open","ping_status":"open","sticky":false,"template":"","format":"standard","meta":{"footnotes":""},"categories":[26],"tags":[],"class_list":["post-403","post","type-post","status-publish","format-standard","has-post-thumbnail","hentry","category-mallorca"],"yoast_head":"<!-- This site is optimized with the Yoast SEO plugin v21.7 - https:\/\/yoast.com\/wordpress\/plugins\/seo\/ -->\n<title>Mallorca en Mayo, disfruta del para\u00edso mediterr\u00e1neo al m\u00e1ximo<\/title>\n<meta name=\"description\" content=\"\u00bfPensando en visitar Mallorca durante el mes de Mayo? Te ayudamos, \u00a1Ven! La mejor temporada, sin masificaciones y con calor moderado \u00a1Top!\" \/>\n<meta name=\"robots\" content=\"index, follow, max-snippet:-1, max-image-preview:large, max-video-preview:-1\" \/>\n<link rel=\"canonical\" href=\"https:\/\/www.yourhousemallorca.com\/blog\/mallorca-en-mayo\/\" \/>\n<meta property=\"og:locale\" content=\"es_ES\" \/>\n<meta property=\"og:type\" content=\"article\" \/>\n<meta property=\"og:title\" content=\"Mallorca en Mayo, disfruta del para\u00edso mediterr\u00e1neo al m\u00e1ximo\" \/>\n<meta property=\"og:description\" content=\"\u00bfPensando en visitar Mallorca durante el mes de Mayo? Te ayudamos, \u00a1Ven! La mejor temporada, sin masificaciones y con calor moderado \u00a1Top!\" \/>\n<meta property=\"og:url\" content=\"https:\/\/www.yourhousemallorca.com\/blog\/mallorca-en-mayo\/\" \/>\n<meta property=\"og:site_name\" content=\"Mallorca Blog\" \/>\n<meta property=\"article:published_time\" content=\"2024-03-20T17:04:33+00:00\" \/>\n<meta property=\"article:modified_time\" content=\"2024-03-28T14:21:52+00:00\" \/>\n<meta property=\"og:image\" content=\"https:\/\/www.yourhousemallorca.com\/blog\/wp-content\/uploads\/2024\/03\/Mallorca-mayo-blog.jpg\" \/>\n\t<meta property=\"og:image:width\" content=\"1920\" \/>\n\t<meta property=\"og:image:height\" content=\"735\" \/>\n\t<meta property=\"og:image:type\" content=\"image\/jpeg\" \/>\n<meta name=\"author\" content=\"Rui\" \/>\n<meta name=\"twitter:card\" content=\"summary_large_image\" \/>\n<meta name=\"twitter:label1\" content=\"Escrito por\" \/>\n\t<meta name=\"twitter:data1\" content=\"Rui\" \/>\n\t<meta name=\"twitter:label2\" content=\"Tiempo de lectura\" \/>\n\t<meta name=\"twitter:data2\" content=\"8 minutos\" \/>\n<script type=\"application\/ld+json\" class=\"yoast-schema-graph\">{\"@context\":\"https:\/\/schema.org\",\"@graph\":[{\"@type\":\"WebPage\",\"@id\":\"https:\/\/www.yourhousemallorca.com\/blog\/mallorca-en-mayo\/\",\"url\":\"https:\/\/www.yourhousemallorca.com\/blog\/mallorca-en-mayo\/\",\"name\":\"Mallorca en Mayo, disfruta del para\u00edso mediterr\u00e1neo al m\u00e1ximo\",\"isPartOf\":{\"@id\":\"https:\/\/www.yourhousemallorca.com\/blog\/#website\"},\"datePublished\":\"2024-03-20T17:04:33+00:00\",\"dateModified\":\"2024-03-28T14:21:52+00:00\",\"author\":{\"@id\":\"https:\/\/www.yourhousemallorca.com\/blog\/#\/schema\/person\/7184df5d6d1940016288cfd0736cabd8\"},\"description\":\"\u00bfPensando en visitar Mallorca durante el mes de Mayo? Te ayudamos, \u00a1Ven! La mejor temporada, sin masificaciones y con calor moderado \u00a1Top!\",\"breadcrumb\":{\"@id\":\"https:\/\/www.yourhousemallorca.com\/blog\/mallorca-en-mayo\/#breadcrumb\"},\"inLanguage\":\"es\",\"potentialAction\":[{\"@type\":\"ReadAction\",\"target\":[\"https:\/\/www.yourhousemallorca.com\/blog\/mallorca-en-mayo\/\"]}]},{\"@type\":\"BreadcrumbList\",\"@id\":\"https:\/\/www.yourhousemallorca.com\/blog\/mallorca-en-mayo\/#breadcrumb\",\"itemListElement\":[{\"@type\":\"ListItem\",\"position\":1,\"name\":\"Portada\",\"item\":\"https:\/\/www.yourhousemallorca.com\/blog\/\"},{\"@type\":\"ListItem\",\"position\":2,\"name\":\"Mallorca en Mayo, un Para\u00edso Mediterr\u00e1neo\"}]},{\"@type\":\"WebSite\",\"@id\":\"https:\/\/www.yourhousemallorca.com\/blog\/#website\",\"url\":\"https:\/\/www.yourhousemallorca.com\/blog\/\",\"name\":\"Mallorca Blog\",\"description\":\"Encuentra toda la informaci\u00f3n tur\u00edstica en nuestro blog de Mallorca. Todos los detalles que necesitas para tu visita\",\"potentialAction\":[{\"@type\":\"SearchAction\",\"target\":{\"@type\":\"EntryPoint\",\"urlTemplate\":\"https:\/\/www.yourhousemallorca.com\/blog\/?s={search_term_string}\"},\"query-input\":\"required name=search_term_string\"}],\"inLanguage\":\"es\"},{\"@type\":\"Person\",\"@id\":\"https:\/\/www.yourhousemallorca.com\/blog\/#\/schema\/person\/7184df5d6d1940016288cfd0736cabd8\",\"name\":\"Rui\",\"image\":{\"@type\":\"ImageObject\",\"inLanguage\":\"es\",\"@id\":\"https:\/\/www.yourhousemallorca.com\/blog\/#\/schema\/person\/image\/\",\"url\":\"https:\/\/secure.gravatar.com\/avatar\/a38ee8cdbacfab6e36a7213a319aecff60b0580665839c1ae56aa02edbe73002?s=96&d=mm&r=g\",\"contentUrl\":\"https:\/\/secure.gravatar.com\/avatar\/a38ee8cdbacfab6e36a7213a319aecff60b0580665839c1ae56aa02edbe73002?s=96&d=mm&r=g\",\"caption\":\"Rui\"},\"url\":\"https:\/\/www.yourhousemallorca.com\/blog\/author\/rui\/\"}]}<\/script>\n<!-- \/ Yoast SEO plugin. -->","yoast_head_json":{"title":"Mallorca en Mayo, disfruta del para\u00edso mediterr\u00e1neo al m\u00e1ximo","description":"\u00bfPensando en visitar Mallorca durante el mes de Mayo? Te ayudamos, \u00a1Ven! La mejor temporada, sin masificaciones y con calor moderado \u00a1Top!","robots":{"index":"index","follow":"follow","max-snippet":"max-snippet:-1","max-image-preview":"max-image-preview:large","max-video-preview":"max-video-preview:-1"},"canonical":"https:\/\/www.yourhousemallorca.com\/blog\/mallorca-en-mayo\/","og_locale":"es_ES","og_type":"article","og_title":"Mallorca en Mayo, disfruta del para\u00edso mediterr\u00e1neo al m\u00e1ximo","og_description":"\u00bfPensando en visitar Mallorca durante el mes de Mayo? Te ayudamos, \u00a1Ven! La mejor temporada, sin masificaciones y con calor moderado \u00a1Top!","og_url":"https:\/\/www.yourhousemallorca.com\/blog\/mallorca-en-mayo\/","og_site_name":"Mallorca Blog","article_published_time":"2024-03-20T17:04:33+00:00","article_modified_time":"2024-03-28T14:21:52+00:00","og_image":[{"width":1920,"height":735,"url":"https:\/\/www.yourhousemallorca.com\/blog\/wp-content\/uploads\/2024\/03\/Mallorca-mayo-blog.jpg","type":"image\/jpeg"}],"author":"Rui","twitter_card":"summary_large_image","twitter_misc":{"Escrito por":"Rui","Tiempo de lectura":"8 minutos"},"schema":{"@context":"https:\/\/schema.org","@graph":[{"@type":"WebPage","@id":"https:\/\/www.yourhousemallorca.com\/blog\/mallorca-en-mayo\/","url":"https:\/\/www.yourhousemallorca.com\/blog\/mallorca-en-mayo\/","name":"Mallorca en Mayo, disfruta del para\u00edso mediterr\u00e1neo al m\u00e1ximo","isPartOf":{"@id":"https:\/\/www.yourhousemallorca.com\/blog\/#website"},"datePublished":"2024-03-20T17:04:33+00:00","dateModified":"2024-03-28T14:21:52+00:00","author":{"@id":"https:\/\/www.yourhousemallorca.com\/blog\/#\/schema\/person\/7184df5d6d1940016288cfd0736cabd8"},"description":"\u00bfPensando en visitar Mallorca durante el mes de Mayo? Te ayudamos, \u00a1Ven! La mejor temporada, sin masificaciones y con calor moderado \u00a1Top!","breadcrumb":{"@id":"https:\/\/www.yourhousemallorca.com\/blog\/mallorca-en-mayo\/#breadcrumb"},"inLanguage":"es","potentialAction":[{"@type":"ReadAction","target":["https:\/\/www.yourhousemallorca.com\/blog\/mallorca-en-mayo\/"]}]},{"@type":"BreadcrumbList","@id":"https:\/\/www.yourhousemallorca.com\/blog\/mallorca-en-mayo\/#breadcrumb","itemListElement":[{"@type":"ListItem","position":1,"name":"Portada","item":"https:\/\/www.yourhousemallorca.com\/blog\/"},{"@type":"ListItem","position":2,"name":"Mallorca en Mayo, un Para\u00edso Mediterr\u00e1neo"}]},{"@type":"WebSite","@id":"https:\/\/www.yourhousemallorca.com\/blog\/#website","url":"https:\/\/www.yourhousemallorca.com\/blog\/","name":"Mallorca Blog","description":"Encuentra toda la informaci\u00f3n tur\u00edstica en nuestro blog de Mallorca. Todos los detalles que necesitas para tu visita","potentialAction":[{"@type":"SearchAction","target":{"@type":"EntryPoint","urlTemplate":"https:\/\/www.yourhousemallorca.com\/blog\/?s={search_term_string}"},"query-input":"required name=search_term_string"}],"inLanguage":"es"},{"@type":"Person","@id":"https:\/\/www.yourhousemallorca.com\/blog\/#\/schema\/person\/7184df5d6d1940016288cfd0736cabd8","name":"Rui","image":{"@type":"ImageObject","inLanguage":"es","@id":"https:\/\/www.yourhousemallorca.com\/blog\/#\/schema\/person\/image\/","url":"https:\/\/secure.gravatar.com\/avatar\/a38ee8cdbacfab6e36a7213a319aecff60b0580665839c1ae56aa02edbe73002?s=96&d=mm&r=g","contentUrl":"https:\/\/secure.gravatar.com\/avatar\/a38ee8cdbacfab6e36a7213a319aecff60b0580665839c1ae56aa02edbe73002?s=96&d=mm&r=g","caption":"Rui"},"url":"https:\/\/www.yourhousemallorca.com\/blog\/author\/rui\/"}]}},"_links":{"self":[{"href":"https:\/\/www.yourhousemallorca.com\/blog\/wp-json\/wp\/v2\/posts\/403","targetHints":{"allow":["GET"]}}],"collection":[{"href":"https:\/\/www.yourhousemallorca.com\/blog\/wp-json\/wp\/v2\/posts"}],"about":[{"href":"https:\/\/www.yourhousemallorca.com\/blog\/wp-json\/wp\/v2\/types\/post"}],"author":[{"embeddable":true,"href":"https:\/\/www.yourhousemallorca.com\/blog\/wp-json\/wp\/v2\/users\/6"}],"replies":[{"embeddable":true,"href":"https:\/\/www.yourhousemallorca.com\/blog\/wp-json\/wp\/v2\/comments?post=403"}],"version-history":[{"count":12,"href":"https:\/\/www.yourhousemallorca.com\/blog\/wp-json\/wp\/v2\/posts\/403\/revisions"}],"predecessor-version":[{"id":510,"href":"https:\/\/www.yourhousemallorca.com\/blog\/wp-json\/wp\/v2\/posts\/403\/revisions\/510"}],"wp:featuredmedia":[{"embeddable":true,"href":"https:\/\/www.yourhousemallorca.com\/blog\/wp-json\/wp\/v2\/media\/468"}],"wp:attachment":[{"href":"https:\/\/www.yourhousemallorca.com\/blog\/wp-json\/wp\/v2\/media?parent=403"}],"wp:term":[{"taxonomy":"category","embeddable":true,"href":"https:\/\/www.yourhousemallorca.com\/blog\/wp-json\/wp\/v2\/categories?post=403"},{"taxonomy":"post_tag","embeddable":true,"href":"https:\/\/www.yourhousemallorca.com\/blog\/wp-json\/wp\/v2\/tags?post=403"}],"curies":[{"name":"wp","href":"https:\/\/api.w.org\/{rel}","templated":true}]}}